{"id":2925,"date":"2020-03-23T21:42:33","date_gmt":"2020-03-23T21:42:33","guid":{"rendered":"https:\/\/perezdevargas.es\/?p=2925"},"modified":"2022-02-25T17:22:14","modified_gmt":"2022-02-25T17:22:14","slug":"nota-informativa-sobre-el-real-decreto-ley-8-2020-de-18-de-marzo-de-medidas-urgentes-y-extraordinarias-para-hacer-frente-al-impacto-economico-y-social-del-covid-19","status":"publish","type":"post","link":"https:\/\/perezdevargas.es\/es\/blog\/nota-informativa-sobre-el-real-decreto-ley-8-2020-de-18-de-marzo-de-medidas-urgentes-y-extraordinarias-para-hacer-frente-al-impacto-economico-y-social-del-covid-19\/","title":{"rendered":"Nota informativa sobre el Real Decreto-ley 8 2020 de 18 de marzo de medidas urgentes y extraordinarias para hacer frente al impacto econ\u00f3mico y social del COVID 19"},"content":{"rendered":"<p>En atenci\u00f3n a la evoluci\u00f3n de la situaci\u00f3n de crisis sanitaria creada por el COVID-19, desde P\u00e9rez de Vargas Abogados queremos trasladarles nuestro absoluto compromiso con su seguridad y la de nuestro equipo, sin por ello dejar de prestar nuestros servicios de asesoramiento legal con la m\u00e1xima calidad y excelencia.<\/p>\n<p>&nbsp;<\/p>\n<p>Es por ello que en virtud de las medidas dispuestas por el nuevo Real Decreto-Ley 8\/2020 de 18 de marzo de medidas urgentes y extraordinarias para hacer frente al impacto econ\u00f3mico y social del COVID-19, hemos implementado para nuestras oficinas de Estepona y Marbella el sistema de teletrabajo. Les informamos que estamos a su disposici\u00f3n a trav\u00e9s de e-mail y de nuestros n\u00fameros de tel\u00e9fono habituales, que podr\u00e1n encontrar en nuestra web. Asimismo, nos ponemos a su servicio para concertar cualquier reuni\u00f3n que resulte conveniente a trav\u00e9s de videoconferencia.<\/p>\n<p>&nbsp;<\/p>\n<p>Como hicimos en nuestra anterior circular con el Real Decreto que declar\u00f3 el Estado de Alarma,\u00a0esta vez, les facilitamos acceso al nuevo Real Decreto-Ley de medidas urgentes y extraordinarias: <a href=\"https:\/\/perezdevargas.es\/wp-content\/uploads\/2020\/03\/BOE-A-2020-3824.pdf\"><span style=\"color: #000080;\">REAL DECRETO-LEY 8\/2020<\/span><\/a>.<\/p>\n<p>&nbsp;<\/p>\n<p>A continuaci\u00f3n, destacamos algunas de sus medidas m\u00e1s significativas:<\/p>\n<p>&nbsp;<\/p>\n<p>&nbsp;<\/p>\n<p>&#8211;\u00a0\u00a0\u00a0\u00a0\u00a0\u00a0\u00a0\u00a0\u00a0 Fomento del teletrabajo por las empresas, debiendo adoptar las medidas oportunas para ello si fuese t\u00e9cnica y razonablemente posible, adem\u00e1s de proporcionado. Estas medidas deber\u00e1n ser prioritarias frente a la cesaci\u00f3n temporal o reducci\u00f3n de actividad.<\/p>\n<p>&nbsp;<\/p>\n<p>&#8211;\u00a0\u00a0\u00a0\u00a0\u00a0\u00a0\u00a0\u00a0\u00a0 Ampliaci\u00f3n de plazos en procedimientos administrativos: Se ampl\u00eda hasta el 30 de abril los plazos de pago de deudas tributarias del art\u00edculo 62.2 y 5 de la Ley General Tributaria y vencimientos de plazos de aplazamiento y fraccionamiento.<\/p>\n<p>&nbsp;<\/p>\n<p>&#8211;\u00a0\u00a0\u00a0\u00a0\u00a0\u00a0\u00a0\u00a0\u00a0 Otorgamiento de hasta cien mil millones de euros en avales a la financiaci\u00f3n concedida a empresas y aut\u00f3nomos que lo precisen.<\/p>\n<p>&nbsp;<\/p>\n<p>&#8211;\u00a0\u00a0\u00a0\u00a0\u00a0\u00a0\u00a0\u00a0\u00a0 Garant\u00eda de suministro de energ\u00eda el\u00e9ctrica, gas y agua a los consumidores considerados como vulnerables.<\/p>\n<p>&nbsp;<\/p>\n<p>&#8211;\u00a0\u00a0\u00a0\u00a0\u00a0\u00a0\u00a0\u00a0\u00a0 Flexibilizaci\u00f3n de los Expedientes de Regulaci\u00f3n Temporal de Empleo, as\u00ed como simplificaci\u00f3n y agilizaci\u00f3n del procedimiento. Reconocimiento de prestaciones de contributivas por desempleo a los trabajadores que se vean afectados sin consumir los per\u00edodos m\u00e1ximos de prestaci\u00f3n establecidos.<\/p>\n<p>&nbsp;<\/p>\n<p>Finalmente, trasladarles nuestra voluntad de esfuerzo, trabajo y dedicaci\u00f3n durante esta dif\u00edcil y excepcional situaci\u00f3n, para dar respuesta a las cuestiones legales que se deriven de las medidas gubernativas que se est\u00e1n adoptando con car\u00e1cter urgente para combatir la pandemia.<\/p>\n","protected":false},"excerpt":{"rendered":"<p>En atenci\u00f3n a la evoluci\u00f3n de la situaci\u00f3n de crisis sanitaria creada por el COVID-19, desde P\u00e9rez de Vargas Abogados [&hellip;]<\/p>\n","protected":false},"author":21,"featured_media":2944,"comment_status":"open","ping_status":"open","sticky":false,"template":"","format":"standard","meta":{"site-sidebar-layout":"default","site-content-layout":"","ast-site-content-layout":"default","site-content-style":"default","site-sidebar-style":"default","ast-global-header-display":"","ast-banner-title-visibility":"","ast-main-header-display":"","ast-hfb-above-header-display":"","ast-hfb-below-header-display":"","ast-hfb-mobile-header-display":"","site-post-title":"","ast-breadcrumbs-content":"","ast-featured-img":"","footer-sml-layout":"","ast-disable-related-posts":"","theme-transparent-header-meta":"","adv-header-id-meta":"","stick-header-meta":"","header-above-stick-meta":"","header-main-stick-meta":"","header-below-stick-meta":"","astra-migrate-meta-layouts":"default","ast-page-background-enabled":"default","ast-page-background-meta":{"desktop":{"background-color":"var(--ast-global-color-4)","background-image":"","background-repeat":"repeat","background-position":"center center","background-size":"auto","background-attachment":"scroll","background-type":"","background-media":"","overlay-type":"","overlay-color":"","overlay-opacity":"","overlay-gradient":""},"tablet":{"background-color":"","background-image":"","background-repeat":"repeat","background-position":"center center","background-size":"auto","background-attachment":"scroll","background-type":"","background-media":"","overlay-type":"","overlay-color":"","overlay-opacity":"","overlay-gradient":""},"mobile":{"background-color":"","background-image":"","background-repeat":"repeat","background-position":"center center","background-size":"auto","background-attachment":"scroll","background-type":"","background-media":"","overlay-type":"","overlay-color":"","overlay-opacity":"","overlay-gradient":""}},"ast-content-background-meta":{"desktop":{"background-color":"var(--ast-global-color-5)","background-image":"","background-repeat":"repeat","background-position":"center center","background-size":"auto","background-attachment":"scroll","background-type":"","background-media":"","overlay-type":"","overlay-color":"","overlay-opacity":"","overlay-gradient":""},"tablet":{"background-color":"var(--ast-global-color-5)","background-image":"","background-repeat":"repeat","background-position":"center center","background-size":"auto","background-attachment":"scroll","background-type":"","background-media":"","overlay-type":"","overlay-color":"","overlay-opacity":"","overlay-gradient":""},"mobile":{"background-color":"var(--ast-global-color-5)","background-image":"","background-repeat":"repeat","background-position":"center center","background-size":"auto","background-attachment":"scroll","background-type":"","background-media":"","overlay-type":"","overlay-color":"","overlay-opacity":"","overlay-gradient":""}},"footnotes":""},"categories":[6],"tags":[],"class_list":["post-2925","post","type-post","status-publish","format-standard","has-post-thumbnail","hentry","category-ultimas-noticias"],"yoast_head":"<!-- This site is optimized with the Yoast SEO plugin v27.4 - https:\/\/yoast.com\/product\/yoast-seo-wordpress\/ -->\n<title>Nota informativa sobre el Real Decreto-ley 8 2020 | P\u00e9rez de Vargas<\/title>\n<meta name=\"description\" content=\"En atenci\u00f3n a la evoluci\u00f3n de la situaci\u00f3n de crisis sanitaria creada por el COVID-19, desde P\u00e9rez de Vargas Abogados queremos trasladarles nuestro\" \/>\n<meta name=\"robots\" content=\"index, follow, max-snippet:-1, max-image-preview:large, max-video-preview:-1\" \/>\n<link rel=\"canonical\" href=\"https:\/\/perezdevargas.es\/es\/blog\/nota-informativa-sobre-el-real-decreto-ley-8-2020-de-18-de-marzo-de-medidas-urgentes-y-extraordinarias-para-hacer-frente-al-impacto-economico-y-social-del-covid-19\/\" \/>\n<meta property=\"og:locale\" content=\"es_ES\" \/>\n<meta property=\"og:type\" content=\"article\" \/>\n<meta property=\"og:title\" content=\"Nota informativa sobre el Real Decreto-ley 8 2020 | P\u00e9rez de Vargas\" \/>\n<meta property=\"og:description\" content=\"En atenci\u00f3n a la evoluci\u00f3n de la situaci\u00f3n de crisis sanitaria creada por el COVID-19, desde P\u00e9rez de Vargas Abogados queremos trasladarles nuestro\" \/>\n<meta property=\"og:url\" content=\"https:\/\/perezdevargas.es\/es\/blog\/nota-informativa-sobre-el-real-decreto-ley-8-2020-de-18-de-marzo-de-medidas-urgentes-y-extraordinarias-para-hacer-frente-al-impacto-economico-y-social-del-covid-19\/\" \/>\n<meta property=\"og:site_name\" content=\"P\u00e9rez de Vargas\" \/>\n<meta property=\"article:publisher\" content=\"https:\/\/www.facebook.com\/perezdevargasabogados\/\" \/>\n<meta property=\"article:published_time\" content=\"2020-03-23T21:42:33+00:00\" \/>\n<meta property=\"article:modified_time\" content=\"2022-02-25T17:22:14+00:00\" \/>\n<meta property=\"og:image\" content=\"https:\/\/perezdevargas.es\/wp-content\/uploads\/2020\/03\/A4-MODELO-2-PEREZ-DE-VARGAS-scaled.jpg\" \/>\n\t<meta property=\"og:image:width\" content=\"2560\" \/>\n\t<meta property=\"og:image:height\" content=\"1806\" \/>\n\t<meta property=\"og:image:type\" content=\"image\/jpeg\" \/>\n<meta name=\"author\" content=\"Perez de Vargas Abogados\" \/>\n<meta name=\"twitter:card\" content=\"summary_large_image\" \/>\n<meta name=\"twitter:label1\" content=\"Escrito por\" \/>\n\t<meta name=\"twitter:data1\" content=\"Perez de Vargas Abogados\" \/>\n\t<meta name=\"twitter:label2\" content=\"Tiempo de lectura\" \/>\n\t<meta name=\"twitter:data2\" content=\"2 minutos\" \/>\n<script type=\"application\/ld+json\" class=\"yoast-schema-graph\">{\"@context\":\"https:\\\/\\\/schema.org\",\"@graph\":[{\"@type\":\"Article\",\"@id\":\"https:\\\/\\\/perezdevargas.es\\\/es\\\/blog\\\/nota-informativa-sobre-el-real-decreto-ley-8-2020-de-18-de-marzo-de-medidas-urgentes-y-extraordinarias-para-hacer-frente-al-impacto-economico-y-social-del-covid-19\\\/#article\",\"isPartOf\":{\"@id\":\"https:\\\/\\\/perezdevargas.es\\\/es\\\/blog\\\/nota-informativa-sobre-el-real-decreto-ley-8-2020-de-18-de-marzo-de-medidas-urgentes-y-extraordinarias-para-hacer-frente-al-impacto-economico-y-social-del-covid-19\\\/\"},\"author\":{\"name\":\"Perez de Vargas Abogados\",\"@id\":\"https:\\\/\\\/perezdevargas.es\\\/es\\\/#\\\/schema\\\/person\\\/a0e90d0ab9c64f83904b0d73f228ad70\"},\"headline\":\"Nota informativa sobre el Real Decreto-ley 8 2020 de 18 de marzo de medidas urgentes y extraordinarias para hacer frente al impacto econ\u00f3mico y social del COVID 19\",\"datePublished\":\"2020-03-23T21:42:33+00:00\",\"dateModified\":\"2022-02-25T17:22:14+00:00\",\"mainEntityOfPage\":{\"@id\":\"https:\\\/\\\/perezdevargas.es\\\/es\\\/blog\\\/nota-informativa-sobre-el-real-decreto-ley-8-2020-de-18-de-marzo-de-medidas-urgentes-y-extraordinarias-para-hacer-frente-al-impacto-economico-y-social-del-covid-19\\\/\"},\"wordCount\":443,\"commentCount\":0,\"publisher\":{\"@id\":\"https:\\\/\\\/perezdevargas.es\\\/es\\\/#organization\"},\"image\":{\"@id\":\"https:\\\/\\\/perezdevargas.es\\\/es\\\/blog\\\/nota-informativa-sobre-el-real-decreto-ley-8-2020-de-18-de-marzo-de-medidas-urgentes-y-extraordinarias-para-hacer-frente-al-impacto-economico-y-social-del-covid-19\\\/#primaryimage\"},\"thumbnailUrl\":\"https:\\\/\\\/perezdevargas.es\\\/wp-content\\\/uploads\\\/2020\\\/03\\\/A4-MODELO-2-PEREZ-DE-VARGAS-scaled.jpg\",\"articleSection\":[\"\u00daltimas noticias\"],\"inLanguage\":\"es\",\"potentialAction\":[{\"@type\":\"CommentAction\",\"name\":\"Comment\",\"target\":[\"https:\\\/\\\/perezdevargas.es\\\/es\\\/blog\\\/nota-informativa-sobre-el-real-decreto-ley-8-2020-de-18-de-marzo-de-medidas-urgentes-y-extraordinarias-para-hacer-frente-al-impacto-economico-y-social-del-covid-19\\\/#respond\"]}]},{\"@type\":\"WebPage\",\"@id\":\"https:\\\/\\\/perezdevargas.es\\\/es\\\/blog\\\/nota-informativa-sobre-el-real-decreto-ley-8-2020-de-18-de-marzo-de-medidas-urgentes-y-extraordinarias-para-hacer-frente-al-impacto-economico-y-social-del-covid-19\\\/\",\"url\":\"https:\\\/\\\/perezdevargas.es\\\/es\\\/blog\\\/nota-informativa-sobre-el-real-decreto-ley-8-2020-de-18-de-marzo-de-medidas-urgentes-y-extraordinarias-para-hacer-frente-al-impacto-economico-y-social-del-covid-19\\\/\",\"name\":\"Nota informativa sobre el Real Decreto-ley 8 2020 | P\u00e9rez de Vargas\",\"isPartOf\":{\"@id\":\"https:\\\/\\\/perezdevargas.es\\\/es\\\/#website\"},\"primaryImageOfPage\":{\"@id\":\"https:\\\/\\\/perezdevargas.es\\\/es\\\/blog\\\/nota-informativa-sobre-el-real-decreto-ley-8-2020-de-18-de-marzo-de-medidas-urgentes-y-extraordinarias-para-hacer-frente-al-impacto-economico-y-social-del-covid-19\\\/#primaryimage\"},\"image\":{\"@id\":\"https:\\\/\\\/perezdevargas.es\\\/es\\\/blog\\\/nota-informativa-sobre-el-real-decreto-ley-8-2020-de-18-de-marzo-de-medidas-urgentes-y-extraordinarias-para-hacer-frente-al-impacto-economico-y-social-del-covid-19\\\/#primaryimage\"},\"thumbnailUrl\":\"https:\\\/\\\/perezdevargas.es\\\/wp-content\\\/uploads\\\/2020\\\/03\\\/A4-MODELO-2-PEREZ-DE-VARGAS-scaled.jpg\",\"datePublished\":\"2020-03-23T21:42:33+00:00\",\"dateModified\":\"2022-02-25T17:22:14+00:00\",\"description\":\"En atenci\u00f3n a la evoluci\u00f3n de la situaci\u00f3n de crisis sanitaria creada por el COVID-19, desde P\u00e9rez de Vargas Abogados queremos trasladarles nuestro\",\"breadcrumb\":{\"@id\":\"https:\\\/\\\/perezdevargas.es\\\/es\\\/blog\\\/nota-informativa-sobre-el-real-decreto-ley-8-2020-de-18-de-marzo-de-medidas-urgentes-y-extraordinarias-para-hacer-frente-al-impacto-economico-y-social-del-covid-19\\\/#breadcrumb\"},\"inLanguage\":\"es\",\"potentialAction\":[{\"@type\":\"ReadAction\",\"target\":[\"https:\\\/\\\/perezdevargas.es\\\/es\\\/blog\\\/nota-informativa-sobre-el-real-decreto-ley-8-2020-de-18-de-marzo-de-medidas-urgentes-y-extraordinarias-para-hacer-frente-al-impacto-economico-y-social-del-covid-19\\\/\"]}]},{\"@type\":\"ImageObject\",\"inLanguage\":\"es\",\"@id\":\"https:\\\/\\\/perezdevargas.es\\\/es\\\/blog\\\/nota-informativa-sobre-el-real-decreto-ley-8-2020-de-18-de-marzo-de-medidas-urgentes-y-extraordinarias-para-hacer-frente-al-impacto-economico-y-social-del-covid-19\\\/#primaryimage\",\"url\":\"https:\\\/\\\/perezdevargas.es\\\/wp-content\\\/uploads\\\/2020\\\/03\\\/A4-MODELO-2-PEREZ-DE-VARGAS-scaled.jpg\",\"contentUrl\":\"https:\\\/\\\/perezdevargas.es\\\/wp-content\\\/uploads\\\/2020\\\/03\\\/A4-MODELO-2-PEREZ-DE-VARGAS-scaled.jpg\",\"width\":2560,\"height\":1806,\"caption\":\"Abogados en Estepona y Marbella\"},{\"@type\":\"BreadcrumbList\",\"@id\":\"https:\\\/\\\/perezdevargas.es\\\/es\\\/blog\\\/nota-informativa-sobre-el-real-decreto-ley-8-2020-de-18-de-marzo-de-medidas-urgentes-y-extraordinarias-para-hacer-frente-al-impacto-economico-y-social-del-covid-19\\\/#breadcrumb\",\"itemListElement\":[{\"@type\":\"ListItem\",\"position\":1,\"name\":\"Portada\",\"item\":\"https:\\\/\\\/perezdevargas.es\\\/es\\\/\"},{\"@type\":\"ListItem\",\"position\":2,\"name\":\"Nota informativa sobre el Real Decreto-ley 8 2020 de 18 de marzo de medidas urgentes y extraordinarias para hacer frente al impacto econ\u00f3mico y social del COVID 19\"}]},{\"@type\":\"WebSite\",\"@id\":\"https:\\\/\\\/perezdevargas.es\\\/es\\\/#website\",\"url\":\"https:\\\/\\\/perezdevargas.es\\\/es\\\/\",\"name\":\"P\u00e9rez de Vargas\",\"description\":\"\",\"publisher\":{\"@id\":\"https:\\\/\\\/perezdevargas.es\\\/es\\\/#organization\"},\"potentialAction\":[{\"@type\":\"SearchAction\",\"target\":{\"@type\":\"EntryPoint\",\"urlTemplate\":\"https:\\\/\\\/perezdevargas.es\\\/es\\\/?s={search_term_string}\"},\"query-input\":{\"@type\":\"PropertyValueSpecification\",\"valueRequired\":true,\"valueName\":\"search_term_string\"}}],\"inLanguage\":\"es\"},{\"@type\":\"Organization\",\"@id\":\"https:\\\/\\\/perezdevargas.es\\\/es\\\/#organization\",\"name\":\"P\u00e9rez de Vargas\",\"url\":\"https:\\\/\\\/perezdevargas.es\\\/es\\\/\",\"logo\":{\"@type\":\"ImageObject\",\"inLanguage\":\"es\",\"@id\":\"https:\\\/\\\/perezdevargas.es\\\/es\\\/#\\\/schema\\\/logo\\\/image\\\/\",\"url\":\"https:\\\/\\\/perezdevargas.es\\\/wp-content\\\/uploads\\\/2025\\\/04\\\/Diseno-sin-titulo-91-1.jpg\",\"contentUrl\":\"https:\\\/\\\/perezdevargas.es\\\/wp-content\\\/uploads\\\/2025\\\/04\\\/Diseno-sin-titulo-91-1.jpg\",\"width\":500,\"height\":500,\"caption\":\"P\u00e9rez de Vargas\"},\"image\":{\"@id\":\"https:\\\/\\\/perezdevargas.es\\\/es\\\/#\\\/schema\\\/logo\\\/image\\\/\"},\"sameAs\":[\"https:\\\/\\\/www.facebook.com\\\/perezdevargasabogados\\\/\",\"https:\\\/\\\/www.instagram.com\\\/perezdevargasabogados\\\/\"]},{\"@type\":\"Person\",\"@id\":\"https:\\\/\\\/perezdevargas.es\\\/es\\\/#\\\/schema\\\/person\\\/a0e90d0ab9c64f83904b0d73f228ad70\",\"name\":\"Perez de Vargas Abogados\",\"image\":{\"@type\":\"ImageObject\",\"inLanguage\":\"es\",\"@id\":\"https:\\\/\\\/secure.gravatar.com\\\/avatar\\\/c2bcf5d4c3dc9f9b1f8e0ac05215f3b8f4c5443d221f98f3ddf1311ca496dba9?s=96&d=mm&r=g\",\"url\":\"https:\\\/\\\/secure.gravatar.com\\\/avatar\\\/c2bcf5d4c3dc9f9b1f8e0ac05215f3b8f4c5443d221f98f3ddf1311ca496dba9?s=96&d=mm&r=g\",\"contentUrl\":\"https:\\\/\\\/secure.gravatar.com\\\/avatar\\\/c2bcf5d4c3dc9f9b1f8e0ac05215f3b8f4c5443d221f98f3ddf1311ca496dba9?s=96&d=mm&r=g\",\"caption\":\"Perez de Vargas Abogados\"}}]}<\/script>\n<!-- \/ Yoast SEO plugin. -->","yoast_head_json":{"title":"Nota informativa sobre el Real Decreto-ley 8 2020 | P\u00e9rez de Vargas","description":"En atenci\u00f3n a la evoluci\u00f3n de la situaci\u00f3n de crisis sanitaria creada por el COVID-19, desde P\u00e9rez de Vargas Abogados queremos trasladarles nuestro","robots":{"index":"index","follow":"follow","max-snippet":"max-snippet:-1","max-image-preview":"max-image-preview:large","max-video-preview":"max-video-preview:-1"},"canonical":"https:\/\/perezdevargas.es\/es\/blog\/nota-informativa-sobre-el-real-decreto-ley-8-2020-de-18-de-marzo-de-medidas-urgentes-y-extraordinarias-para-hacer-frente-al-impacto-economico-y-social-del-covid-19\/","og_locale":"es_ES","og_type":"article","og_title":"Nota informativa sobre el Real Decreto-ley 8 2020 | P\u00e9rez de Vargas","og_description":"En atenci\u00f3n a la evoluci\u00f3n de la situaci\u00f3n de crisis sanitaria creada por el COVID-19, desde P\u00e9rez de Vargas Abogados queremos trasladarles nuestro","og_url":"https:\/\/perezdevargas.es\/es\/blog\/nota-informativa-sobre-el-real-decreto-ley-8-2020-de-18-de-marzo-de-medidas-urgentes-y-extraordinarias-para-hacer-frente-al-impacto-economico-y-social-del-covid-19\/","og_site_name":"P\u00e9rez de Vargas","article_publisher":"https:\/\/www.facebook.com\/perezdevargasabogados\/","article_published_time":"2020-03-23T21:42:33+00:00","article_modified_time":"2022-02-25T17:22:14+00:00","og_image":[{"width":2560,"height":1806,"url":"https:\/\/perezdevargas.es\/wp-content\/uploads\/2020\/03\/A4-MODELO-2-PEREZ-DE-VARGAS-scaled.jpg","type":"image\/jpeg"}],"author":"Perez de Vargas Abogados","twitter_card":"summary_large_image","twitter_misc":{"Escrito por":"Perez de Vargas Abogados","Tiempo de lectura":"2 minutos"},"schema":{"@context":"https:\/\/schema.org","@graph":[{"@type":"Article","@id":"https:\/\/perezdevargas.es\/es\/blog\/nota-informativa-sobre-el-real-decreto-ley-8-2020-de-18-de-marzo-de-medidas-urgentes-y-extraordinarias-para-hacer-frente-al-impacto-economico-y-social-del-covid-19\/#article","isPartOf":{"@id":"https:\/\/perezdevargas.es\/es\/blog\/nota-informativa-sobre-el-real-decreto-ley-8-2020-de-18-de-marzo-de-medidas-urgentes-y-extraordinarias-para-hacer-frente-al-impacto-economico-y-social-del-covid-19\/"},"author":{"name":"Perez de Vargas Abogados","@id":"https:\/\/perezdevargas.es\/es\/#\/schema\/person\/a0e90d0ab9c64f83904b0d73f228ad70"},"headline":"Nota informativa sobre el Real Decreto-ley 8 2020 de 18 de marzo de medidas urgentes y extraordinarias para hacer frente al impacto econ\u00f3mico y social del COVID 19","datePublished":"2020-03-23T21:42:33+00:00","dateModified":"2022-02-25T17:22:14+00:00","mainEntityOfPage":{"@id":"https:\/\/perezdevargas.es\/es\/blog\/nota-informativa-sobre-el-real-decreto-ley-8-2020-de-18-de-marzo-de-medidas-urgentes-y-extraordinarias-para-hacer-frente-al-impacto-economico-y-social-del-covid-19\/"},"wordCount":443,"commentCount":0,"publisher":{"@id":"https:\/\/perezdevargas.es\/es\/#organization"},"image":{"@id":"https:\/\/perezdevargas.es\/es\/blog\/nota-informativa-sobre-el-real-decreto-ley-8-2020-de-18-de-marzo-de-medidas-urgentes-y-extraordinarias-para-hacer-frente-al-impacto-economico-y-social-del-covid-19\/#primaryimage"},"thumbnailUrl":"https:\/\/perezdevargas.es\/wp-content\/uploads\/2020\/03\/A4-MODELO-2-PEREZ-DE-VARGAS-scaled.jpg","articleSection":["\u00daltimas noticias"],"inLanguage":"es","potentialAction":[{"@type":"CommentAction","name":"Comment","target":["https:\/\/perezdevargas.es\/es\/blog\/nota-informativa-sobre-el-real-decreto-ley-8-2020-de-18-de-marzo-de-medidas-urgentes-y-extraordinarias-para-hacer-frente-al-impacto-economico-y-social-del-covid-19\/#respond"]}]},{"@type":"WebPage","@id":"https:\/\/perezdevargas.es\/es\/blog\/nota-informativa-sobre-el-real-decreto-ley-8-2020-de-18-de-marzo-de-medidas-urgentes-y-extraordinarias-para-hacer-frente-al-impacto-economico-y-social-del-covid-19\/","url":"https:\/\/perezdevargas.es\/es\/blog\/nota-informativa-sobre-el-real-decreto-ley-8-2020-de-18-de-marzo-de-medidas-urgentes-y-extraordinarias-para-hacer-frente-al-impacto-economico-y-social-del-covid-19\/","name":"Nota informativa sobre el Real Decreto-ley 8 2020 | P\u00e9rez de Vargas","isPartOf":{"@id":"https:\/\/perezdevargas.es\/es\/#website"},"primaryImageOfPage":{"@id":"https:\/\/perezdevargas.es\/es\/blog\/nota-informativa-sobre-el-real-decreto-ley-8-2020-de-18-de-marzo-de-medidas-urgentes-y-extraordinarias-para-hacer-frente-al-impacto-economico-y-social-del-covid-19\/#primaryimage"},"image":{"@id":"https:\/\/perezdevargas.es\/es\/blog\/nota-informativa-sobre-el-real-decreto-ley-8-2020-de-18-de-marzo-de-medidas-urgentes-y-extraordinarias-para-hacer-frente-al-impacto-economico-y-social-del-covid-19\/#primaryimage"},"thumbnailUrl":"https:\/\/perezdevargas.es\/wp-content\/uploads\/2020\/03\/A4-MODELO-2-PEREZ-DE-VARGAS-scaled.jpg","datePublished":"2020-03-23T21:42:33+00:00","dateModified":"2022-02-25T17:22:14+00:00","description":"En atenci\u00f3n a la evoluci\u00f3n de la situaci\u00f3n de crisis sanitaria creada por el COVID-19, desde P\u00e9rez de Vargas Abogados queremos trasladarles nuestro","breadcrumb":{"@id":"https:\/\/perezdevargas.es\/es\/blog\/nota-informativa-sobre-el-real-decreto-ley-8-2020-de-18-de-marzo-de-medidas-urgentes-y-extraordinarias-para-hacer-frente-al-impacto-economico-y-social-del-covid-19\/#breadcrumb"},"inLanguage":"es","potentialAction":[{"@type":"ReadAction","target":["https:\/\/perezdevargas.es\/es\/blog\/nota-informativa-sobre-el-real-decreto-ley-8-2020-de-18-de-marzo-de-medidas-urgentes-y-extraordinarias-para-hacer-frente-al-impacto-economico-y-social-del-covid-19\/"]}]},{"@type":"ImageObject","inLanguage":"es","@id":"https:\/\/perezdevargas.es\/es\/blog\/nota-informativa-sobre-el-real-decreto-ley-8-2020-de-18-de-marzo-de-medidas-urgentes-y-extraordinarias-para-hacer-frente-al-impacto-economico-y-social-del-covid-19\/#primaryimage","url":"https:\/\/perezdevargas.es\/wp-content\/uploads\/2020\/03\/A4-MODELO-2-PEREZ-DE-VARGAS-scaled.jpg","contentUrl":"https:\/\/perezdevargas.es\/wp-content\/uploads\/2020\/03\/A4-MODELO-2-PEREZ-DE-VARGAS-scaled.jpg","width":2560,"height":1806,"caption":"Abogados en Estepona y Marbella"},{"@type":"BreadcrumbList","@id":"https:\/\/perezdevargas.es\/es\/blog\/nota-informativa-sobre-el-real-decreto-ley-8-2020-de-18-de-marzo-de-medidas-urgentes-y-extraordinarias-para-hacer-frente-al-impacto-economico-y-social-del-covid-19\/#breadcrumb","itemListElement":[{"@type":"ListItem","position":1,"name":"Portada","item":"https:\/\/perezdevargas.es\/es\/"},{"@type":"ListItem","position":2,"name":"Nota informativa sobre el Real Decreto-ley 8 2020 de 18 de marzo de medidas urgentes y extraordinarias para hacer frente al impacto econ\u00f3mico y social del COVID 19"}]},{"@type":"WebSite","@id":"https:\/\/perezdevargas.es\/es\/#website","url":"https:\/\/perezdevargas.es\/es\/","name":"P\u00e9rez de Vargas","description":"","publisher":{"@id":"https:\/\/perezdevargas.es\/es\/#organization"},"potentialAction":[{"@type":"SearchAction","target":{"@type":"EntryPoint","urlTemplate":"https:\/\/perezdevargas.es\/es\/?s={search_term_string}"},"query-input":{"@type":"PropertyValueSpecification","valueRequired":true,"valueName":"search_term_string"}}],"inLanguage":"es"},{"@type":"Organization","@id":"https:\/\/perezdevargas.es\/es\/#organization","name":"P\u00e9rez de Vargas","url":"https:\/\/perezdevargas.es\/es\/","logo":{"@type":"ImageObject","inLanguage":"es","@id":"https:\/\/perezdevargas.es\/es\/#\/schema\/logo\/image\/","url":"https:\/\/perezdevargas.es\/wp-content\/uploads\/2025\/04\/Diseno-sin-titulo-91-1.jpg","contentUrl":"https:\/\/perezdevargas.es\/wp-content\/uploads\/2025\/04\/Diseno-sin-titulo-91-1.jpg","width":500,"height":500,"caption":"P\u00e9rez de Vargas"},"image":{"@id":"https:\/\/perezdevargas.es\/es\/#\/schema\/logo\/image\/"},"sameAs":["https:\/\/www.facebook.com\/perezdevargasabogados\/","https:\/\/www.instagram.com\/perezdevargasabogados\/"]},{"@type":"Person","@id":"https:\/\/perezdevargas.es\/es\/#\/schema\/person\/a0e90d0ab9c64f83904b0d73f228ad70","name":"Perez de Vargas Abogados","image":{"@type":"ImageObject","inLanguage":"es","@id":"https:\/\/secure.gravatar.com\/avatar\/c2bcf5d4c3dc9f9b1f8e0ac05215f3b8f4c5443d221f98f3ddf1311ca496dba9?s=96&d=mm&r=g","url":"https:\/\/secure.gravatar.com\/avatar\/c2bcf5d4c3dc9f9b1f8e0ac05215f3b8f4c5443d221f98f3ddf1311ca496dba9?s=96&d=mm&r=g","contentUrl":"https:\/\/secure.gravatar.com\/avatar\/c2bcf5d4c3dc9f9b1f8e0ac05215f3b8f4c5443d221f98f3ddf1311ca496dba9?s=96&d=mm&r=g","caption":"Perez de Vargas Abogados"}}]}},"_links":{"self":[{"href":"https:\/\/perezdevargas.es\/es\/wp-json\/wp\/v2\/posts\/2925","targetHints":{"allow":["GET"]}}],"collection":[{"href":"https:\/\/perezdevargas.es\/es\/wp-json\/wp\/v2\/posts"}],"about":[{"href":"https:\/\/perezdevargas.es\/es\/wp-json\/wp\/v2\/types\/post"}],"author":[{"embeddable":true,"href":"https:\/\/perezdevargas.es\/es\/wp-json\/wp\/v2\/users\/21"}],"replies":[{"embeddable":true,"href":"https:\/\/perezdevargas.es\/es\/wp-json\/wp\/v2\/comments?post=2925"}],"version-history":[{"count":7,"href":"https:\/\/perezdevargas.es\/es\/wp-json\/wp\/v2\/posts\/2925\/revisions"}],"predecessor-version":[{"id":2957,"href":"https:\/\/perezdevargas.es\/es\/wp-json\/wp\/v2\/posts\/2925\/revisions\/2957"}],"wp:featuredmedia":[{"embeddable":true,"href":"https:\/\/perezdevargas.es\/es\/wp-json\/wp\/v2\/media\/2944"}],"wp:attachment":[{"href":"https:\/\/perezdevargas.es\/es\/wp-json\/wp\/v2\/media?parent=2925"}],"wp:term":[{"taxonomy":"category","embeddable":true,"href":"https:\/\/perezdevargas.es\/es\/wp-json\/wp\/v2\/categories?post=2925"},{"taxonomy":"post_tag","embeddable":true,"href":"https:\/\/perezdevargas.es\/es\/wp-json\/wp\/v2\/tags?post=2925"}],"curies":[{"name":"wp","href":"https:\/\/api.w.org\/{rel}","templated":true}]}}