{"id":3092,"date":"2020-04-23T07:49:37","date_gmt":"2020-04-23T07:49:37","guid":{"rendered":"https:\/\/perezdevargas.es\/?p=3092"},"modified":"2022-02-25T16:56:14","modified_gmt":"2022-02-25T16:56:14","slug":"alquiler-de-local-de-negocios-algunas-medidas-adoptadas-por-el-real-decreto-ley-15-2020-de-21-de-abril","status":"publish","type":"post","link":"https:\/\/perezdevargas.es\/es\/blog\/alquiler-de-local-de-negocios-algunas-medidas-adoptadas-por-el-real-decreto-ley-15-2020-de-21-de-abril\/","title":{"rendered":"Alquiler de local de negocios. Algunas medidas adoptadas por el Real Decreto-ley 15\/2020 de 21 de abril."},"content":{"rendered":"<p>El Real Decreto ley 15\/2020, que ha sido publicado en el BOE el 22 de abril y entra en vigor el 23 de abril, establece medidas de apoyo al alquiler de locales de negocio, similares a las aprobadas para apoyar el alquiler de la vivienda habitual en el Real Decreto ley 11\/2020. En el presente art\u00edculo hacemos un resumen de las mismas y resaltamos las diferencias entre las medidas para el alquiler de locales y el alquiler de vivienda habitual.<!--more--><\/p>\n<p>1.- <strong>Entrada en vigor de las medidas.<\/strong>&#8211; El d\u00eda 22 de abril se ha publicado en el BOE el <strong><a href=\"https:\/\/perezdevargas.es\/wp-content\/uploads\/2020\/04\/BOE-A-2020-4554.pdf\">Real Decreto Ley 15\/2020<\/a><\/strong> que entra en vigor el d\u00eda 23 de abril en el que se recogen, entre otras, <strong>medidas que tienen por objeto reducir los coste de pymes y aut\u00f3nomos,<\/strong> a trav\u00e9s de posibilitar el aplazamiento en el pago de la renta de locales y establecimientos comerciales y<strong> otros inmuebles que no se destinan al uso de vivienda permanente.<\/strong><\/p>\n<p>&nbsp;<\/p>\n<p>Dichas medidas guardan mucha similitud con las aprobadas en el Real Decreto ley 11\/2020 sobre el que redactamos un art\u00edculo que publicamos el d\u00eda 1 de abril pasado, de forma que elaboramos el presente art\u00edculo siguiendo la misma sistem\u00e1tica y<strong> resaltando las diferencias entre las medidas que se adoptaron para la ayuda al alquiler de vivienda permanente y las que adoptadas en relaci\u00f3n con los inmuebles no destinados a vivienda permanente<\/strong>.<\/p>\n<p>&nbsp;<\/p>\n<p><strong>2.- Arrendamiento para uso distinto al de vivienda habitual.-<\/strong> Lo primero que destacamos es que las medidas adoptadas en relaci\u00f3n con el arrendamiento por el Real Decreto \u2013ley 15\/2020 (en adelante, RDL) parecen abarcar, no solo locales y establecimientos comerciales alquilados, sino <strong>todo inmueble que no se haya alquilado para satisfacer las necesidades de vivienda permanente,<\/strong> y arrendamientos de industria, remiti\u00e9ndose el RDL al art\u00edculo 3 de la Ley de Arrendamientos Urbanos, que establece que, en especial, tendr\u00e1n la consideraci\u00f3n de arrendamiento para uso distinto de vivienda habitual los alquileres \u201cde fincas urbanas celebrados por temporada, sea \u00e9sta de verano o cualquier otra, y los celebrados para ejercerse en la finca una actividad industrial, comercial, artesanal, profesional, recreativa, asistencial, cultural o docente, cualquiera que sean las personas que los celebren\u201d. Sin embargo, el art\u00edculo 3 del RDL establece las condiciones que deben cumplir aut\u00f3nomos y pymes para acogerse a las medidas e impl\u00edcitamente indica que el inmueble debe estar afecto a una actividad econ\u00f3mica, por lo que parece que de facto, solo se aplican las medidas a locales y establecimientos comerciales.<\/p>\n<p>&nbsp;<\/p>\n<p><strong>3.- Distinci\u00f3n entre el arrendador \u201cgran tenedor\u201d y otros arrendadores.-<\/strong> Al igual que con las medidas de apoyo al alquiler de vivienda habitual el RDL, a los efectos de establecer las distintas medidas, hace una distinci\u00f3n en los contratos de alquiler en funci\u00f3n de quien sea <strong>el arrendador o propietario de la vivienda<\/strong>:<\/p>\n<p>&nbsp;<\/p>\n<p>&#8211;\u00a0\u00a0\u00a0\u00a0\u00a0\u00a0\u00a0\u00a0\u00a0 Contratos en los que el arrendador es \u201cuna empresa o entidad p\u00fablica de vivienda o un gran tenedor\u201d (art\u00edculo 1), entendiendo por tal la persona f\u00edsica o jur\u00eddica que posea m\u00e1s de diez inmuebles urbanos, excluyendo garajes y trasteros, o una superficie construida de m\u00e1s de 1.500 m2.<\/p>\n<p>&nbsp;<\/p>\n<p>&#8211;\u00a0\u00a0\u00a0\u00a0\u00a0\u00a0\u00a0\u00a0\u00a0 Contratos en los que el arrendador sea distinto a los indicados en el p\u00e1rrafo anterior (art\u00edculo 2).<\/p>\n<p>&nbsp;<\/p>\n<p><strong>4.- Las medidas que adopta el RDL en funci\u00f3n del tipo de arrendador son las siguientes:<\/strong><\/p>\n<p>&nbsp;<\/p>\n<p>&#8211;\u00a0\u00a0\u00a0\u00a0\u00a0\u00a0\u00a0\u00a0\u00a0 <strong>Cuando el arrendador es empresa o entidad p\u00fablica o gran tenedor<\/strong>.- Las medidas tomadas en este caso tienen ciertas diferencias con las que se tomaron para apoyo al alquiler de vivienda permanente, toda vez que en \u00e9stas se daba la opci\u00f3n al arrendador de elegir entre una reducci\u00f3n o bonificaci\u00f3n del 50 % del importe de la renta o una moratoria en el pago de la misma, una vez que el inquilino solicitaba la ayuda. Sin embargo el RDL, para los alquileres distintos a los de vivienda permanente, \u00fanicamente establece que se aplicar\u00e1 de forma obligatoria y autom\u00e1tica la moratoria para el pago de las rentas, si bien, el mecanismo es pr\u00e1cticamente el mismo: el<strong> arrendatario o inquilino<\/strong> podr\u00e1 solicitar en el plazo de un mes contado desde el 23 de abril el <strong>aplazamiento temporal en el pago de la renta<\/strong>, que, como decimos, deber\u00e1 ser aceptada obligatoriamente por el arrendador, salvo que se hubiese alcanzado un <strong>acuerdo previo entre inquilino y arrendador.<\/strong><\/p>\n<p>&nbsp;<\/p>\n<p><strong>El aplazamiento es id\u00e9ntico al establecido para la vivienda permanente y afecta al periodo de tiempo que dure el estado de alarma y sus pr\u00f3rrogas y las mensualidades siguientes, prorrogables una a una si este plazo es insuficiente en relaci\u00f3n al impacto provocado por el COVID-19 , con 4 mensualidades como m\u00e1ximo<\/strong>. En definitiva, el aplazamiento comprender\u00e1 no solo el periodo de alarma, sino todo aquel que sea necesario para, en el caso de establecimientos comerciales, recuperar una cierta normalidad, estableci\u00e9ndose el m\u00e1ximo de 4 meses. Recordemos que esta pr\u00f3rroga est\u00e1 igualmente prevista para el alquiler de vivienda permanente, pero, en este caso la condici\u00f3n para que se d\u00e9 la pr\u00f3rroga en la moratoria despu\u00e9s de levantarse el estado de alarma es que persistan las condiciones de vulnerabilidad del inquilino, conformen se definen las mismas en el Real Decreto-ley 11\/2020.<\/p>\n<p>&nbsp;<\/p>\n<p>Las cuotas aplazadas deber\u00e1n fraccionarse durante dos a\u00f1os y siempre dentro del plazo a lo largo del cual contin\u00fae la vigencia del contrato de arrendamiento o cualquiera de sus pr\u00f3rrogas, sin que el aplazamiento genere intereses. Aqu\u00ed encontramos otra diferencia con respecto a las ayudas al alquiler de vivienda permanente consistente en que para la misma el periodo de fraccionamiento es de 3 a\u00f1os y no dos.<\/p>\n<p>&nbsp;<\/p>\n<p>&#8211;\u00a0\u00a0\u00a0\u00a0\u00a0\u00a0\u00a0\u00a0\u00a0 <strong>Contratos en los que el arrendador no es ni empresa o entidad p\u00fablica de vivienda ni gran tenedor.<\/strong>&#8211; En este caso, el <strong>RDL es m\u00e1s parco y puede suscitar determinadas dudas, ve\u00e1moslo<\/strong>. En principio, el plazo para que el inquilino solicite al arrendador el aplazamiento \u201ctemporal y extraordinario\u201d en el pago de la renta es el mismo: un mes contado desde el 23 de abril. Sin embargo, el precepto no indica si el arrendador est\u00e1 obligado a aceptarla, a diferencia del arrendador gran tenedor o arrendador empresa p\u00fablica. Por tanto, si para el arrendamiento en el que el arrendador es gran tenedor o empresa p\u00fablica se indica expresamente que si el inquilino lo solicita, debe aceptar obligatoriamente el aplazamiento y para los arrendamientos en los que el arrendador es distinto de aqu\u00e9llos, el RDL no dice nada, cabr\u00eda pensar que no existe la obligaci\u00f3n de aceptar el aplazamiento. A este razonamiento contribuir\u00eda el hecho de que el Real Decreto ley 11\/2020 tambi\u00e9n establezca expresamente que el arrendador de una vivienda permanente debe comunicar obligatoriamente al arrendatario si acepta o no el aplazamiento, si ofrece otra alternativa o qu\u00e9 ocurre en defecto de ambas. Sin embargo, si afirmamos que el arrendador (cuando no es gran tenedor o empresa p\u00fablica) no tiene obligaci\u00f3n de aceptar el aplazamiento, la pregunta viene por s\u00ed sola: \u00bfpara qu\u00e9 se establece entonces la posibilidad de solicitar aplazamiento si no hay ninguna obligaci\u00f3n de aceptarlo? Para que el inquilino pueda solicitar un aplazamiento que el arrendador no tiene la obligaci\u00f3n de aceptar no es necesario establecerlo en una norma y por ello para razonable pensar que una vez solicitado el aplazamiento, el arrendador tiene la obligaci\u00f3n de aceptarlo en los t\u00e9rminos previstos en el RDL.<\/p>\n<p>&nbsp;<\/p>\n<p><strong>5.- Pymes y aut\u00f3nomos que pueden solicitar el aplazamiento.<\/strong>&#8211; El art\u00edculo 3 del RDL es el que establece las condiciones que debe reunir el inquilino para solicitar el aplazamiento, distinguiendo si e el inquilino es un aut\u00f3nomo o una pyme:<\/p>\n<p>&nbsp;<\/p>\n<p>&#8211;\u00a0\u00a0\u00a0\u00a0\u00a0\u00a0\u00a0\u00a0<strong>\u00a0 El inquilino es un aut\u00f3nomo<\/strong>:<\/p>\n<p>&nbsp;<\/p>\n<p>1.- Debe estar afiliado y en situaci\u00f3n de alta a la fecha de declaraci\u00f3n del estado de alarma en el R\u00e9gimen Especial de Trabajadores Aut\u00f3nomos <strong>(RETA)<\/strong>, en el <strong>R\u00e9gimen Especial de Trabajadores del Mar<\/strong> o en alguna de las <strong>Mutualidades sustitutorias del RETA.<\/strong><\/p>\n<p>2.- <strong>Debe haber suspendido su actividad<\/strong> como consecuencia del Real Decreto 463\/2020 que declara el estado de alarma o por \u00f3rdenes dictadas por la autoridad competente o autoridades competentes delegadas. O, si la actividad no se suspende por algunas de estas razones, <em>\u201cse deber\u00e1 acreditar la <strong>reducci\u00f3n de la facturaci\u00f3n del mes natural anterior<\/strong> al que se solicita el aplazamiento en,<strong> al menos, un 75 por ciento<\/strong>, en relaci\u00f3n con la facturaci\u00f3n media mensual del trimestre al que pertenece dicho mes referido al a\u00f1o anterior\u201d<\/em>.<\/p>\n<p>&nbsp;<\/p>\n<p><strong>&#8211;\u00a0\u00a0\u00a0\u00a0\u00a0\u00a0\u00a0\u00a0\u00a0 El inquilino es una pyme:<\/strong><\/p>\n<p>&nbsp;<\/p>\n<p><strong>1.- Que re\u00fanan, al menos, dos de las siguientes circunstancias:<\/strong><\/p>\n<p>1.1.- Que el total de las partidas del activo no supere los cuatro millones de euros.<\/p>\n<p>1.2.- Que el importe neto de su cifra anual de negocios no supere los ocho millones de euros.<\/p>\n<p>1.3.- Que el n\u00famero medio de trabajadores empleados durante el ejercicio no sea superior a cincuenta.<\/p>\n<p>2.- Al igual que los aut\u00f3nomos, la pyme que pretenda el aplazamiento <strong>debe haber suspendido su actividad<\/strong> como consecuencia del Real Decreto 463\/2020 o por \u00f3rdenes dictadas por la autoridad competente o autoridades competentes delegadas. O, si la actividad no se suspende por algunas de estas razones, <em>\u201cse deber\u00e1 acreditar la <strong>reducci\u00f3n de la facturaci\u00f3n del mes natural anterior<\/strong> al que se solicita el aplazamiento en, <strong>al menos, un 75 por ciento<\/strong>, en relaci\u00f3n con la facturaci\u00f3n media mensual del trimestre al que pertenece dicho mes referido al a\u00f1o anterior\u201d.<\/em><\/p>\n<p>&nbsp;<\/p>\n<p><strong>6.- Conclusiones.<\/strong>&#8211; Ante la grave crisis sanitaria, provocada por el COVID 19, y las medidas excepcionales que se han debido adoptar, con graves consecuencias adicionales, econ\u00f3micas y sociales, muchos aut\u00f3nomos y pymes han visto suspendidas sus actividades, comercios y negocios, en algunos casos y, en otros, han visto reducidos sus ingresos de forma abrupta, de manera que las medidas contenidas en el RDL, van dirigidas a aplazar el importe de la renta, correspondientes a los locales y establecimientos que tengan alquilados esos aut\u00f3nomos y pymes.<\/p>\n<p>&nbsp;<\/p>\n<p>&nbsp;<\/p>\n","protected":false},"excerpt":{"rendered":"<p>El Real Decreto ley 15\/2020, que ha sido publicado en el BOE el 22 de abril y entra en vigor [&hellip;]<\/p>\n","protected":false},"author":7,"featured_media":3093,"comment_status":"open","ping_status":"open","sticky":false,"template":"","format":"standard","meta":{"site-sidebar-layout":"default","site-content-layout":"","ast-site-content-layout":"default","site-content-style":"default","site-sidebar-style":"default","ast-global-header-display":"","ast-banner-title-visibility":"","ast-main-header-display":"","ast-hfb-above-header-display":"","ast-hfb-below-header-display":"","ast-hfb-mobile-header-display":"","site-post-title":"","ast-breadcrumbs-content":"","ast-featured-img":"","footer-sml-layout":"","ast-disable-related-posts":"","theme-transparent-header-meta":"","adv-header-id-meta":"","stick-header-meta":"","header-above-stick-meta":"","header-main-stick-meta":"","header-below-stick-meta":"","astra-migrate-meta-layouts":"default","ast-page-background-enabled":"default","ast-page-background-meta":{"desktop":{"background-color":"var(--ast-global-color-4)","background-image":"","background-repeat":"repeat","background-position":"center center","background-size":"auto","background-attachment":"scroll","background-type":"","background-media":"","overlay-type":"","overlay-color":"","overlay-opacity":"","overlay-gradient":""},"tablet":{"background-color":"","background-image":"","background-repeat":"repeat","background-position":"center center","background-size":"auto","background-attachment":"scroll","background-type":"","background-media":"","overlay-type":"","overlay-color":"","overlay-opacity":"","overlay-gradient":""},"mobile":{"background-color":"","background-image":"","background-repeat":"repeat","background-position":"center center","background-size":"auto","background-attachment":"scroll","background-type":"","background-media":"","overlay-type":"","overlay-color":"","overlay-opacity":"","overlay-gradient":""}},"ast-content-background-meta":{"desktop":{"background-color":"var(--ast-global-color-5)","background-image":"","background-repeat":"repeat","background-position":"center center","background-size":"auto","background-attachment":"scroll","background-type":"","background-media":"","overlay-type":"","overlay-color":"","overlay-opacity":"","overlay-gradient":""},"tablet":{"background-color":"var(--ast-global-color-5)","background-image":"","background-repeat":"repeat","background-position":"center center","background-size":"auto","background-attachment":"scroll","background-type":"","background-media":"","overlay-type":"","overlay-color":"","overlay-opacity":"","overlay-gradient":""},"mobile":{"background-color":"var(--ast-global-color-5)","background-image":"","background-repeat":"repeat","background-position":"center center","background-size":"auto","background-attachment":"scroll","background-type":"","background-media":"","overlay-type":"","overlay-color":"","overlay-opacity":"","overlay-gradient":""}},"footnotes":""},"categories":[7],"tags":[],"class_list":["post-3092","post","type-post","status-publish","format-standard","has-post-thumbnail","hentry","category-articulos-de-opinion"],"yoast_head":"<!-- This site is optimized with the Yoast SEO plugin v27.4 - https:\/\/yoast.com\/product\/yoast-seo-wordpress\/ -->\n<title>Alquiler de local de negocios | P\u00e9rez de Vargas<\/title>\n<meta name=\"description\" content=\"El Real Decreto ley 15\/2020, que ha sido publicado en el BOE el 22 de abril y entra en vigor el 23 de abril, establece medidas de apoyo al alquiler de\" \/>\n<meta name=\"robots\" content=\"index, follow, max-snippet:-1, max-image-preview:large, max-video-preview:-1\" \/>\n<link rel=\"canonical\" href=\"https:\/\/perezdevargas.es\/es\/blog\/alquiler-de-local-de-negocios-algunas-medidas-adoptadas-por-el-real-decreto-ley-15-2020-de-21-de-abril\/\" \/>\n<meta property=\"og:locale\" content=\"es_ES\" \/>\n<meta property=\"og:type\" content=\"article\" \/>\n<meta property=\"og:title\" content=\"Alquiler de local de negocios | P\u00e9rez de Vargas\" \/>\n<meta property=\"og:description\" content=\"El Real Decreto ley 15\/2020, que ha sido publicado en el BOE el 22 de abril y entra en vigor el 23 de abril, establece medidas de apoyo al alquiler de\" \/>\n<meta property=\"og:url\" content=\"https:\/\/perezdevargas.es\/es\/blog\/alquiler-de-local-de-negocios-algunas-medidas-adoptadas-por-el-real-decreto-ley-15-2020-de-21-de-abril\/\" \/>\n<meta property=\"og:site_name\" content=\"P\u00e9rez de Vargas\" \/>\n<meta property=\"article:publisher\" content=\"https:\/\/www.facebook.com\/perezdevargasabogados\/\" \/>\n<meta property=\"article:published_time\" content=\"2020-04-23T07:49:37+00:00\" \/>\n<meta property=\"article:modified_time\" content=\"2022-02-25T16:56:14+00:00\" \/>\n<meta property=\"og:image\" content=\"https:\/\/perezdevargas.es\/wp-content\/uploads\/2020\/04\/web.jpg\" \/>\n\t<meta property=\"og:image:width\" content=\"1732\" \/>\n\t<meta property=\"og:image:height\" content=\"1154\" \/>\n\t<meta property=\"og:image:type\" content=\"image\/jpeg\" \/>\n<meta name=\"author\" content=\"Jose Castellano Fernandez\" \/>\n<meta name=\"twitter:card\" content=\"summary_large_image\" \/>\n<meta name=\"twitter:label1\" content=\"Escrito por\" \/>\n\t<meta name=\"twitter:data1\" content=\"Jose Castellano Fernandez\" \/>\n\t<meta name=\"twitter:label2\" content=\"Tiempo de lectura\" \/>\n\t<meta name=\"twitter:data2\" content=\"9 minutos\" \/>\n<script type=\"application\/ld+json\" class=\"yoast-schema-graph\">{\"@context\":\"https:\\\/\\\/schema.org\",\"@graph\":[{\"@type\":\"Article\",\"@id\":\"https:\\\/\\\/perezdevargas.es\\\/es\\\/blog\\\/alquiler-de-local-de-negocios-algunas-medidas-adoptadas-por-el-real-decreto-ley-15-2020-de-21-de-abril\\\/#article\",\"isPartOf\":{\"@id\":\"https:\\\/\\\/perezdevargas.es\\\/es\\\/blog\\\/alquiler-de-local-de-negocios-algunas-medidas-adoptadas-por-el-real-decreto-ley-15-2020-de-21-de-abril\\\/\"},\"author\":{\"name\":\"Jose Castellano Fernandez\",\"@id\":\"https:\\\/\\\/perezdevargas.es\\\/es\\\/#\\\/schema\\\/person\\\/e4e1ac674354988ec8bbe4529b1c5bc1\"},\"headline\":\"Alquiler de local de negocios. Algunas medidas adoptadas por el Real Decreto-ley 15\\\/2020 de 21 de abril.\",\"datePublished\":\"2020-04-23T07:49:37+00:00\",\"dateModified\":\"2022-02-25T16:56:14+00:00\",\"mainEntityOfPage\":{\"@id\":\"https:\\\/\\\/perezdevargas.es\\\/es\\\/blog\\\/alquiler-de-local-de-negocios-algunas-medidas-adoptadas-por-el-real-decreto-ley-15-2020-de-21-de-abril\\\/\"},\"wordCount\":1725,\"commentCount\":0,\"publisher\":{\"@id\":\"https:\\\/\\\/perezdevargas.es\\\/es\\\/#organization\"},\"image\":{\"@id\":\"https:\\\/\\\/perezdevargas.es\\\/es\\\/blog\\\/alquiler-de-local-de-negocios-algunas-medidas-adoptadas-por-el-real-decreto-ley-15-2020-de-21-de-abril\\\/#primaryimage\"},\"thumbnailUrl\":\"https:\\\/\\\/perezdevargas.es\\\/wp-content\\\/uploads\\\/2020\\\/04\\\/web.jpg\",\"articleSection\":[\"Art\u00edculos de opini\u00f3n\"],\"inLanguage\":\"es\",\"potentialAction\":[{\"@type\":\"CommentAction\",\"name\":\"Comment\",\"target\":[\"https:\\\/\\\/perezdevargas.es\\\/es\\\/blog\\\/alquiler-de-local-de-negocios-algunas-medidas-adoptadas-por-el-real-decreto-ley-15-2020-de-21-de-abril\\\/#respond\"]}]},{\"@type\":\"WebPage\",\"@id\":\"https:\\\/\\\/perezdevargas.es\\\/es\\\/blog\\\/alquiler-de-local-de-negocios-algunas-medidas-adoptadas-por-el-real-decreto-ley-15-2020-de-21-de-abril\\\/\",\"url\":\"https:\\\/\\\/perezdevargas.es\\\/es\\\/blog\\\/alquiler-de-local-de-negocios-algunas-medidas-adoptadas-por-el-real-decreto-ley-15-2020-de-21-de-abril\\\/\",\"name\":\"Alquiler de local de negocios | P\u00e9rez de Vargas\",\"isPartOf\":{\"@id\":\"https:\\\/\\\/perezdevargas.es\\\/es\\\/#website\"},\"primaryImageOfPage\":{\"@id\":\"https:\\\/\\\/perezdevargas.es\\\/es\\\/blog\\\/alquiler-de-local-de-negocios-algunas-medidas-adoptadas-por-el-real-decreto-ley-15-2020-de-21-de-abril\\\/#primaryimage\"},\"image\":{\"@id\":\"https:\\\/\\\/perezdevargas.es\\\/es\\\/blog\\\/alquiler-de-local-de-negocios-algunas-medidas-adoptadas-por-el-real-decreto-ley-15-2020-de-21-de-abril\\\/#primaryimage\"},\"thumbnailUrl\":\"https:\\\/\\\/perezdevargas.es\\\/wp-content\\\/uploads\\\/2020\\\/04\\\/web.jpg\",\"datePublished\":\"2020-04-23T07:49:37+00:00\",\"dateModified\":\"2022-02-25T16:56:14+00:00\",\"description\":\"El Real Decreto ley 15\\\/2020, que ha sido publicado en el BOE el 22 de abril y entra en vigor el 23 de abril, establece medidas de apoyo al alquiler de\",\"breadcrumb\":{\"@id\":\"https:\\\/\\\/perezdevargas.es\\\/es\\\/blog\\\/alquiler-de-local-de-negocios-algunas-medidas-adoptadas-por-el-real-decreto-ley-15-2020-de-21-de-abril\\\/#breadcrumb\"},\"inLanguage\":\"es\",\"potentialAction\":[{\"@type\":\"ReadAction\",\"target\":[\"https:\\\/\\\/perezdevargas.es\\\/es\\\/blog\\\/alquiler-de-local-de-negocios-algunas-medidas-adoptadas-por-el-real-decreto-ley-15-2020-de-21-de-abril\\\/\"]}]},{\"@type\":\"ImageObject\",\"inLanguage\":\"es\",\"@id\":\"https:\\\/\\\/perezdevargas.es\\\/es\\\/blog\\\/alquiler-de-local-de-negocios-algunas-medidas-adoptadas-por-el-real-decreto-ley-15-2020-de-21-de-abril\\\/#primaryimage\",\"url\":\"https:\\\/\\\/perezdevargas.es\\\/wp-content\\\/uploads\\\/2020\\\/04\\\/web.jpg\",\"contentUrl\":\"https:\\\/\\\/perezdevargas.es\\\/wp-content\\\/uploads\\\/2020\\\/04\\\/web.jpg\",\"width\":1732,\"height\":1154,\"caption\":\"RDL_15\\\/2020_alquiler_locales_negocios\"},{\"@type\":\"BreadcrumbList\",\"@id\":\"https:\\\/\\\/perezdevargas.es\\\/es\\\/blog\\\/alquiler-de-local-de-negocios-algunas-medidas-adoptadas-por-el-real-decreto-ley-15-2020-de-21-de-abril\\\/#breadcrumb\",\"itemListElement\":[{\"@type\":\"ListItem\",\"position\":1,\"name\":\"Portada\",\"item\":\"https:\\\/\\\/perezdevargas.es\\\/es\\\/\"},{\"@type\":\"ListItem\",\"position\":2,\"name\":\"Alquiler de local de negocios. Algunas medidas adoptadas por el Real Decreto-ley 15\\\/2020 de 21 de abril.\"}]},{\"@type\":\"WebSite\",\"@id\":\"https:\\\/\\\/perezdevargas.es\\\/es\\\/#website\",\"url\":\"https:\\\/\\\/perezdevargas.es\\\/es\\\/\",\"name\":\"P\u00e9rez de Vargas\",\"description\":\"\",\"publisher\":{\"@id\":\"https:\\\/\\\/perezdevargas.es\\\/es\\\/#organization\"},\"potentialAction\":[{\"@type\":\"SearchAction\",\"target\":{\"@type\":\"EntryPoint\",\"urlTemplate\":\"https:\\\/\\\/perezdevargas.es\\\/es\\\/?s={search_term_string}\"},\"query-input\":{\"@type\":\"PropertyValueSpecification\",\"valueRequired\":true,\"valueName\":\"search_term_string\"}}],\"inLanguage\":\"es\"},{\"@type\":\"Organization\",\"@id\":\"https:\\\/\\\/perezdevargas.es\\\/es\\\/#organization\",\"name\":\"P\u00e9rez de Vargas\",\"url\":\"https:\\\/\\\/perezdevargas.es\\\/es\\\/\",\"logo\":{\"@type\":\"ImageObject\",\"inLanguage\":\"es\",\"@id\":\"https:\\\/\\\/perezdevargas.es\\\/es\\\/#\\\/schema\\\/logo\\\/image\\\/\",\"url\":\"https:\\\/\\\/perezdevargas.es\\\/wp-content\\\/uploads\\\/2025\\\/04\\\/Diseno-sin-titulo-91-1.jpg\",\"contentUrl\":\"https:\\\/\\\/perezdevargas.es\\\/wp-content\\\/uploads\\\/2025\\\/04\\\/Diseno-sin-titulo-91-1.jpg\",\"width\":500,\"height\":500,\"caption\":\"P\u00e9rez de Vargas\"},\"image\":{\"@id\":\"https:\\\/\\\/perezdevargas.es\\\/es\\\/#\\\/schema\\\/logo\\\/image\\\/\"},\"sameAs\":[\"https:\\\/\\\/www.facebook.com\\\/perezdevargasabogados\\\/\",\"https:\\\/\\\/www.instagram.com\\\/perezdevargasabogados\\\/\"]},{\"@type\":\"Person\",\"@id\":\"https:\\\/\\\/perezdevargas.es\\\/es\\\/#\\\/schema\\\/person\\\/e4e1ac674354988ec8bbe4529b1c5bc1\",\"name\":\"Jose Castellano Fernandez\",\"image\":{\"@type\":\"ImageObject\",\"inLanguage\":\"es\",\"@id\":\"https:\\\/\\\/secure.gravatar.com\\\/avatar\\\/d291efb688f2393d5ffd2c4adb34666a764b3dd0f5bc2e0fdb18927b565dd5db?s=96&d=mm&r=g\",\"url\":\"https:\\\/\\\/secure.gravatar.com\\\/avatar\\\/d291efb688f2393d5ffd2c4adb34666a764b3dd0f5bc2e0fdb18927b565dd5db?s=96&d=mm&r=g\",\"contentUrl\":\"https:\\\/\\\/secure.gravatar.com\\\/avatar\\\/d291efb688f2393d5ffd2c4adb34666a764b3dd0f5bc2e0fdb18927b565dd5db?s=96&d=mm&r=g\",\"caption\":\"Jose Castellano Fernandez\"}}]}<\/script>\n<!-- \/ Yoast SEO plugin. -->","yoast_head_json":{"title":"Alquiler de local de negocios | P\u00e9rez de Vargas","description":"El Real Decreto ley 15\/2020, que ha sido publicado en el BOE el 22 de abril y entra en vigor el 23 de abril, establece medidas de apoyo al alquiler de","robots":{"index":"index","follow":"follow","max-snippet":"max-snippet:-1","max-image-preview":"max-image-preview:large","max-video-preview":"max-video-preview:-1"},"canonical":"https:\/\/perezdevargas.es\/es\/blog\/alquiler-de-local-de-negocios-algunas-medidas-adoptadas-por-el-real-decreto-ley-15-2020-de-21-de-abril\/","og_locale":"es_ES","og_type":"article","og_title":"Alquiler de local de negocios | P\u00e9rez de Vargas","og_description":"El Real Decreto ley 15\/2020, que ha sido publicado en el BOE el 22 de abril y entra en vigor el 23 de abril, establece medidas de apoyo al alquiler de","og_url":"https:\/\/perezdevargas.es\/es\/blog\/alquiler-de-local-de-negocios-algunas-medidas-adoptadas-por-el-real-decreto-ley-15-2020-de-21-de-abril\/","og_site_name":"P\u00e9rez de Vargas","article_publisher":"https:\/\/www.facebook.com\/perezdevargasabogados\/","article_published_time":"2020-04-23T07:49:37+00:00","article_modified_time":"2022-02-25T16:56:14+00:00","og_image":[{"width":1732,"height":1154,"url":"https:\/\/perezdevargas.es\/wp-content\/uploads\/2020\/04\/web.jpg","type":"image\/jpeg"}],"author":"Jose Castellano Fernandez","twitter_card":"summary_large_image","twitter_misc":{"Escrito por":"Jose Castellano Fernandez","Tiempo de lectura":"9 minutos"},"schema":{"@context":"https:\/\/schema.org","@graph":[{"@type":"Article","@id":"https:\/\/perezdevargas.es\/es\/blog\/alquiler-de-local-de-negocios-algunas-medidas-adoptadas-por-el-real-decreto-ley-15-2020-de-21-de-abril\/#article","isPartOf":{"@id":"https:\/\/perezdevargas.es\/es\/blog\/alquiler-de-local-de-negocios-algunas-medidas-adoptadas-por-el-real-decreto-ley-15-2020-de-21-de-abril\/"},"author":{"name":"Jose Castellano Fernandez","@id":"https:\/\/perezdevargas.es\/es\/#\/schema\/person\/e4e1ac674354988ec8bbe4529b1c5bc1"},"headline":"Alquiler de local de negocios. Algunas medidas adoptadas por el Real Decreto-ley 15\/2020 de 21 de abril.","datePublished":"2020-04-23T07:49:37+00:00","dateModified":"2022-02-25T16:56:14+00:00","mainEntityOfPage":{"@id":"https:\/\/perezdevargas.es\/es\/blog\/alquiler-de-local-de-negocios-algunas-medidas-adoptadas-por-el-real-decreto-ley-15-2020-de-21-de-abril\/"},"wordCount":1725,"commentCount":0,"publisher":{"@id":"https:\/\/perezdevargas.es\/es\/#organization"},"image":{"@id":"https:\/\/perezdevargas.es\/es\/blog\/alquiler-de-local-de-negocios-algunas-medidas-adoptadas-por-el-real-decreto-ley-15-2020-de-21-de-abril\/#primaryimage"},"thumbnailUrl":"https:\/\/perezdevargas.es\/wp-content\/uploads\/2020\/04\/web.jpg","articleSection":["Art\u00edculos de opini\u00f3n"],"inLanguage":"es","potentialAction":[{"@type":"CommentAction","name":"Comment","target":["https:\/\/perezdevargas.es\/es\/blog\/alquiler-de-local-de-negocios-algunas-medidas-adoptadas-por-el-real-decreto-ley-15-2020-de-21-de-abril\/#respond"]}]},{"@type":"WebPage","@id":"https:\/\/perezdevargas.es\/es\/blog\/alquiler-de-local-de-negocios-algunas-medidas-adoptadas-por-el-real-decreto-ley-15-2020-de-21-de-abril\/","url":"https:\/\/perezdevargas.es\/es\/blog\/alquiler-de-local-de-negocios-algunas-medidas-adoptadas-por-el-real-decreto-ley-15-2020-de-21-de-abril\/","name":"Alquiler de local de negocios | P\u00e9rez de Vargas","isPartOf":{"@id":"https:\/\/perezdevargas.es\/es\/#website"},"primaryImageOfPage":{"@id":"https:\/\/perezdevargas.es\/es\/blog\/alquiler-de-local-de-negocios-algunas-medidas-adoptadas-por-el-real-decreto-ley-15-2020-de-21-de-abril\/#primaryimage"},"image":{"@id":"https:\/\/perezdevargas.es\/es\/blog\/alquiler-de-local-de-negocios-algunas-medidas-adoptadas-por-el-real-decreto-ley-15-2020-de-21-de-abril\/#primaryimage"},"thumbnailUrl":"https:\/\/perezdevargas.es\/wp-content\/uploads\/2020\/04\/web.jpg","datePublished":"2020-04-23T07:49:37+00:00","dateModified":"2022-02-25T16:56:14+00:00","description":"El Real Decreto ley 15\/2020, que ha sido publicado en el BOE el 22 de abril y entra en vigor el 23 de abril, establece medidas de apoyo al alquiler de","breadcrumb":{"@id":"https:\/\/perezdevargas.es\/es\/blog\/alquiler-de-local-de-negocios-algunas-medidas-adoptadas-por-el-real-decreto-ley-15-2020-de-21-de-abril\/#breadcrumb"},"inLanguage":"es","potentialAction":[{"@type":"ReadAction","target":["https:\/\/perezdevargas.es\/es\/blog\/alquiler-de-local-de-negocios-algunas-medidas-adoptadas-por-el-real-decreto-ley-15-2020-de-21-de-abril\/"]}]},{"@type":"ImageObject","inLanguage":"es","@id":"https:\/\/perezdevargas.es\/es\/blog\/alquiler-de-local-de-negocios-algunas-medidas-adoptadas-por-el-real-decreto-ley-15-2020-de-21-de-abril\/#primaryimage","url":"https:\/\/perezdevargas.es\/wp-content\/uploads\/2020\/04\/web.jpg","contentUrl":"https:\/\/perezdevargas.es\/wp-content\/uploads\/2020\/04\/web.jpg","width":1732,"height":1154,"caption":"RDL_15\/2020_alquiler_locales_negocios"},{"@type":"BreadcrumbList","@id":"https:\/\/perezdevargas.es\/es\/blog\/alquiler-de-local-de-negocios-algunas-medidas-adoptadas-por-el-real-decreto-ley-15-2020-de-21-de-abril\/#breadcrumb","itemListElement":[{"@type":"ListItem","position":1,"name":"Portada","item":"https:\/\/perezdevargas.es\/es\/"},{"@type":"ListItem","position":2,"name":"Alquiler de local de negocios. Algunas medidas adoptadas por el Real Decreto-ley 15\/2020 de 21 de abril."}]},{"@type":"WebSite","@id":"https:\/\/perezdevargas.es\/es\/#website","url":"https:\/\/perezdevargas.es\/es\/","name":"P\u00e9rez de Vargas","description":"","publisher":{"@id":"https:\/\/perezdevargas.es\/es\/#organization"},"potentialAction":[{"@type":"SearchAction","target":{"@type":"EntryPoint","urlTemplate":"https:\/\/perezdevargas.es\/es\/?s={search_term_string}"},"query-input":{"@type":"PropertyValueSpecification","valueRequired":true,"valueName":"search_term_string"}}],"inLanguage":"es"},{"@type":"Organization","@id":"https:\/\/perezdevargas.es\/es\/#organization","name":"P\u00e9rez de Vargas","url":"https:\/\/perezdevargas.es\/es\/","logo":{"@type":"ImageObject","inLanguage":"es","@id":"https:\/\/perezdevargas.es\/es\/#\/schema\/logo\/image\/","url":"https:\/\/perezdevargas.es\/wp-content\/uploads\/2025\/04\/Diseno-sin-titulo-91-1.jpg","contentUrl":"https:\/\/perezdevargas.es\/wp-content\/uploads\/2025\/04\/Diseno-sin-titulo-91-1.jpg","width":500,"height":500,"caption":"P\u00e9rez de Vargas"},"image":{"@id":"https:\/\/perezdevargas.es\/es\/#\/schema\/logo\/image\/"},"sameAs":["https:\/\/www.facebook.com\/perezdevargasabogados\/","https:\/\/www.instagram.com\/perezdevargasabogados\/"]},{"@type":"Person","@id":"https:\/\/perezdevargas.es\/es\/#\/schema\/person\/e4e1ac674354988ec8bbe4529b1c5bc1","name":"Jose Castellano Fernandez","image":{"@type":"ImageObject","inLanguage":"es","@id":"https:\/\/secure.gravatar.com\/avatar\/d291efb688f2393d5ffd2c4adb34666a764b3dd0f5bc2e0fdb18927b565dd5db?s=96&d=mm&r=g","url":"https:\/\/secure.gravatar.com\/avatar\/d291efb688f2393d5ffd2c4adb34666a764b3dd0f5bc2e0fdb18927b565dd5db?s=96&d=mm&r=g","contentUrl":"https:\/\/secure.gravatar.com\/avatar\/d291efb688f2393d5ffd2c4adb34666a764b3dd0f5bc2e0fdb18927b565dd5db?s=96&d=mm&r=g","caption":"Jose Castellano Fernandez"}}]}},"_links":{"self":[{"href":"https:\/\/perezdevargas.es\/es\/wp-json\/wp\/v2\/posts\/3092","targetHints":{"allow":["GET"]}}],"collection":[{"href":"https:\/\/perezdevargas.es\/es\/wp-json\/wp\/v2\/posts"}],"about":[{"href":"https:\/\/perezdevargas.es\/es\/wp-json\/wp\/v2\/types\/post"}],"author":[{"embeddable":true,"href":"https:\/\/perezdevargas.es\/es\/wp-json\/wp\/v2\/users\/7"}],"replies":[{"embeddable":true,"href":"https:\/\/perezdevargas.es\/es\/wp-json\/wp\/v2\/comments?post=3092"}],"version-history":[{"count":1,"href":"https:\/\/perezdevargas.es\/es\/wp-json\/wp\/v2\/posts\/3092\/revisions"}],"predecessor-version":[{"id":3097,"href":"https:\/\/perezdevargas.es\/es\/wp-json\/wp\/v2\/posts\/3092\/revisions\/3097"}],"wp:featuredmedia":[{"embeddable":true,"href":"https:\/\/perezdevargas.es\/es\/wp-json\/wp\/v2\/media\/3093"}],"wp:attachment":[{"href":"https:\/\/perezdevargas.es\/es\/wp-json\/wp\/v2\/media?parent=3092"}],"wp:term":[{"taxonomy":"category","embeddable":true,"href":"https:\/\/perezdevargas.es\/es\/wp-json\/wp\/v2\/categories?post=3092"},{"taxonomy":"post_tag","embeddable":true,"href":"https:\/\/perezdevargas.es\/es\/wp-json\/wp\/v2\/tags?post=3092"}],"curies":[{"name":"wp","href":"https:\/\/api.w.org\/{rel}","templated":true}]}}