{"id":3558,"date":"2020-06-01T09:29:46","date_gmt":"2020-06-01T09:29:46","guid":{"rendered":"https:\/\/perezdevargas.es\/?p=3558"},"modified":"2022-02-25T17:24:34","modified_gmt":"2022-02-25T17:24:34","slug":"nota-sobre-el-decreto-ley-14-2020-de-la-junta-de-andalucia-ampliacion-de-plazo-de-liquidacion-del-is-y-del-itp-ajd-durante-el-estado-de-alarma","status":"publish","type":"post","link":"https:\/\/perezdevargas.es\/es\/blog\/nota-sobre-el-decreto-ley-14-2020-de-la-junta-de-andalucia-ampliacion-de-plazo-de-liquidacion-del-is-y-del-itp-ajd-durante-el-estado-de-alarma\/","title":{"rendered":"Nota sobre el Decreto-ley 14\/2020 de la Junta de Andaluc\u00eda. Ampliaci\u00f3n de plazo de liquidaci\u00f3n del IS y del ITP-AJD durante el estado de alarma."},"content":{"rendered":"<p>1.- El 27 de mayo se ha publicado en el<span style=\"color: #000080;\"><strong><a style=\"color: #000080;\" href=\"https:\/\/perezdevargas.es\/wp-content\/uploads\/2020\/06\/Decreto-ley_14-2020_BOJA-liquidacion-IS-y-ITP-AJD_estado_de_alarma.pdf\"> BOJA el Decreto-ley 14\/2020<\/a><\/strong><\/span> por el que se establecen con car\u00e1cter extraordinario y urgente medidas para la reactivaci\u00f3n del sector de la hosteler\u00eda, restauraci\u00f3n, ocio y esparcimiento, se adoptan las medidas de apoyo a las Entidades Locales necesarias para contribuir a la apertura de playas seguras y otras medidas econ\u00f3micas y tributarias, ante la situaci\u00f3n de alerta sanitaria generada por el coronavirus (COVID-19). Como se deduce de su propio nombre, el Decreto modifica una serie de normas. Entre ellas est\u00e1 el propio Decreto ley 3\/2020 de 16 de marzo que ampli\u00f3 el plazo de presentaci\u00f3n del Impuesto sobre Sucesiones (IS) y el Impuesto sobre Transmisiones Patrimoniales Onerosas y Actos Jur\u00eddicos Documentados (ITP-AJD).<\/p>\n<p>&nbsp;<\/p>\n<p>2. Pues bien, el Decreto-ley 14\/2020 indica que en todos aquellos supuestos en los que el plazo para presentaci\u00f3n e ingreso de autoliquidaci\u00f3n del IS e ITP-AJD coincida con la vigencia del estado de alarma se ampliar\u00e1n en tres meses adicionales a los que corresponda a cada impuesto. Adem\u00e1s, si aun aplicando el referido plazo adicional de 3 meses, la fecha para la presentaci\u00f3n e ingreso de autoliquidaci\u00f3n fuese el mes de junio de 2020, se ampliar\u00e1 un mes m\u00e1s.<\/p>\n","protected":false},"excerpt":{"rendered":"<p>1.- El 27 de mayo se ha publicado en el BOJA el Decreto-ley 14\/2020 por el que se establecen con [&hellip;]<\/p>\n","protected":false},"author":21,"featured_media":1968,"comment_status":"open","ping_status":"open","sticky":false,"template":"","format":"standard","meta":{"site-sidebar-layout":"default","site-content-layout":"","ast-site-content-layout":"default","site-content-style":"default","site-sidebar-style":"default","ast-global-header-display":"","ast-banner-title-visibility":"","ast-main-header-display":"","ast-hfb-above-header-display":"","ast-hfb-below-header-display":"","ast-hfb-mobile-header-display":"","site-post-title":"","ast-breadcrumbs-content":"","ast-featured-img":"","footer-sml-layout":"","ast-disable-related-posts":"","theme-transparent-header-meta":"","adv-header-id-meta":"","stick-header-meta":"","header-above-stick-meta":"","header-main-stick-meta":"","header-below-stick-meta":"","astra-migrate-meta-layouts":"default","ast-page-background-enabled":"default","ast-page-background-meta":{"desktop":{"background-color":"var(--ast-global-color-4)","background-image":"","background-repeat":"repeat","background-position":"center center","background-size":"auto","background-attachment":"scroll","background-type":"","background-media":"","overlay-type":"","overlay-color":"","overlay-opacity":"","overlay-gradient":""},"tablet":{"background-color":"","background-image":"","background-repeat":"repeat","background-position":"center center","background-size":"auto","background-attachment":"scroll","background-type":"","background-media":"","overlay-type":"","overlay-color":"","overlay-opacity":"","overlay-gradient":""},"mobile":{"background-color":"","background-image":"","background-repeat":"repeat","background-position":"center center","background-size":"auto","background-attachment":"scroll","background-type":"","background-media":"","overlay-type":"","overlay-color":"","overlay-opacity":"","overlay-gradient":""}},"ast-content-background-meta":{"desktop":{"background-color":"var(--ast-global-color-5)","background-image":"","background-repeat":"repeat","background-position":"center center","background-size":"auto","background-attachment":"scroll","background-type":"","background-media":"","overlay-type":"","overlay-color":"","overlay-opacity":"","overlay-gradient":""},"tablet":{"background-color":"var(--ast-global-color-5)","background-image":"","background-repeat":"repeat","background-position":"center center","background-size":"auto","background-attachment":"scroll","background-type":"","background-media":"","overlay-type":"","overlay-color":"","overlay-opacity":"","overlay-gradient":""},"mobile":{"background-color":"var(--ast-global-color-5)","background-image":"","background-repeat":"repeat","background-position":"center center","background-size":"auto","background-attachment":"scroll","background-type":"","background-media":"","overlay-type":"","overlay-color":"","overlay-opacity":"","overlay-gradient":""}},"footnotes":""},"categories":[6],"tags":[],"class_list":["post-3558","post","type-post","status-publish","format-standard","has-post-thumbnail","hentry","category-ultimas-noticias"],"yoast_head":"<!-- This site is optimized with the Yoast SEO plugin v27.4 - https:\/\/yoast.com\/product\/yoast-seo-wordpress\/ -->\n<title>Decreto-ley 14\/2020 de la Junta de Andaluc\u00eda | P\u00e9rez de Vargas<\/title>\n<meta name=\"description\" content=\"1.- El 27 de mayo se ha publicado en el BOJA el Decreto-ley 14\/2020 por el que se establecen con car\u00e1cter extraordinario y urgente medidas para la\" \/>\n<meta name=\"robots\" content=\"index, follow, max-snippet:-1, max-image-preview:large, max-video-preview:-1\" \/>\n<link rel=\"canonical\" href=\"https:\/\/perezdevargas.es\/es\/blog\/nota-sobre-el-decreto-ley-14-2020-de-la-junta-de-andalucia-ampliacion-de-plazo-de-liquidacion-del-is-y-del-itp-ajd-durante-el-estado-de-alarma\/\" \/>\n<meta property=\"og:locale\" content=\"es_ES\" \/>\n<meta property=\"og:type\" content=\"article\" \/>\n<meta property=\"og:title\" content=\"Decreto-ley 14\/2020 de la Junta de Andaluc\u00eda | P\u00e9rez de Vargas\" \/>\n<meta property=\"og:description\" content=\"1.- El 27 de mayo se ha publicado en el BOJA el Decreto-ley 14\/2020 por el que se establecen con car\u00e1cter extraordinario y urgente medidas para la\" \/>\n<meta property=\"og:url\" content=\"https:\/\/perezdevargas.es\/es\/blog\/nota-sobre-el-decreto-ley-14-2020-de-la-junta-de-andalucia-ampliacion-de-plazo-de-liquidacion-del-is-y-del-itp-ajd-durante-el-estado-de-alarma\/\" \/>\n<meta property=\"og:site_name\" content=\"P\u00e9rez de Vargas\" \/>\n<meta property=\"article:publisher\" content=\"https:\/\/www.facebook.com\/perezdevargasabogados\/\" \/>\n<meta property=\"article:published_time\" content=\"2020-06-01T09:29:46+00:00\" \/>\n<meta property=\"article:modified_time\" content=\"2022-02-25T17:24:34+00:00\" \/>\n<meta property=\"og:image\" content=\"https:\/\/perezdevargas.es\/wp-content\/uploads\/2018\/05\/Andalucia-1024x683.jpg\" \/>\n\t<meta property=\"og:image:width\" content=\"1024\" \/>\n\t<meta property=\"og:image:height\" content=\"683\" \/>\n\t<meta property=\"og:image:type\" content=\"image\/jpeg\" \/>\n<meta name=\"author\" content=\"Perez de Vargas Abogados\" \/>\n<meta name=\"twitter:card\" content=\"summary_large_image\" \/>\n<meta name=\"twitter:label1\" content=\"Escrito por\" \/>\n\t<meta name=\"twitter:data1\" content=\"Perez de Vargas Abogados\" \/>\n\t<meta name=\"twitter:label2\" content=\"Tiempo de lectura\" \/>\n\t<meta name=\"twitter:data2\" content=\"1 minuto\" \/>\n<script type=\"application\/ld+json\" class=\"yoast-schema-graph\">{\"@context\":\"https:\\\/\\\/schema.org\",\"@graph\":[{\"@type\":\"Article\",\"@id\":\"https:\\\/\\\/perezdevargas.es\\\/es\\\/blog\\\/nota-sobre-el-decreto-ley-14-2020-de-la-junta-de-andalucia-ampliacion-de-plazo-de-liquidacion-del-is-y-del-itp-ajd-durante-el-estado-de-alarma\\\/#article\",\"isPartOf\":{\"@id\":\"https:\\\/\\\/perezdevargas.es\\\/es\\\/blog\\\/nota-sobre-el-decreto-ley-14-2020-de-la-junta-de-andalucia-ampliacion-de-plazo-de-liquidacion-del-is-y-del-itp-ajd-durante-el-estado-de-alarma\\\/\"},\"author\":{\"name\":\"Perez de Vargas Abogados\",\"@id\":\"https:\\\/\\\/perezdevargas.es\\\/es\\\/#\\\/schema\\\/person\\\/a0e90d0ab9c64f83904b0d73f228ad70\"},\"headline\":\"Nota sobre el Decreto-ley 14\\\/2020 de la Junta de Andaluc\u00eda. Ampliaci\u00f3n de plazo de liquidaci\u00f3n del IS y del ITP-AJD durante el estado de alarma.\",\"datePublished\":\"2020-06-01T09:29:46+00:00\",\"dateModified\":\"2022-02-25T17:24:34+00:00\",\"mainEntityOfPage\":{\"@id\":\"https:\\\/\\\/perezdevargas.es\\\/es\\\/blog\\\/nota-sobre-el-decreto-ley-14-2020-de-la-junta-de-andalucia-ampliacion-de-plazo-de-liquidacion-del-is-y-del-itp-ajd-durante-el-estado-de-alarma\\\/\"},\"wordCount\":237,\"commentCount\":0,\"publisher\":{\"@id\":\"https:\\\/\\\/perezdevargas.es\\\/es\\\/#organization\"},\"image\":{\"@id\":\"https:\\\/\\\/perezdevargas.es\\\/es\\\/blog\\\/nota-sobre-el-decreto-ley-14-2020-de-la-junta-de-andalucia-ampliacion-de-plazo-de-liquidacion-del-is-y-del-itp-ajd-durante-el-estado-de-alarma\\\/#primaryimage\"},\"thumbnailUrl\":\"https:\\\/\\\/perezdevargas.es\\\/wp-content\\\/uploads\\\/2018\\\/05\\\/Andalucia.jpg\",\"articleSection\":[\"\u00daltimas noticias\"],\"inLanguage\":\"es\",\"potentialAction\":[{\"@type\":\"CommentAction\",\"name\":\"Comment\",\"target\":[\"https:\\\/\\\/perezdevargas.es\\\/es\\\/blog\\\/nota-sobre-el-decreto-ley-14-2020-de-la-junta-de-andalucia-ampliacion-de-plazo-de-liquidacion-del-is-y-del-itp-ajd-durante-el-estado-de-alarma\\\/#respond\"]}]},{\"@type\":\"WebPage\",\"@id\":\"https:\\\/\\\/perezdevargas.es\\\/es\\\/blog\\\/nota-sobre-el-decreto-ley-14-2020-de-la-junta-de-andalucia-ampliacion-de-plazo-de-liquidacion-del-is-y-del-itp-ajd-durante-el-estado-de-alarma\\\/\",\"url\":\"https:\\\/\\\/perezdevargas.es\\\/es\\\/blog\\\/nota-sobre-el-decreto-ley-14-2020-de-la-junta-de-andalucia-ampliacion-de-plazo-de-liquidacion-del-is-y-del-itp-ajd-durante-el-estado-de-alarma\\\/\",\"name\":\"Decreto-ley 14\\\/2020 de la Junta de Andaluc\u00eda | P\u00e9rez de Vargas\",\"isPartOf\":{\"@id\":\"https:\\\/\\\/perezdevargas.es\\\/es\\\/#website\"},\"primaryImageOfPage\":{\"@id\":\"https:\\\/\\\/perezdevargas.es\\\/es\\\/blog\\\/nota-sobre-el-decreto-ley-14-2020-de-la-junta-de-andalucia-ampliacion-de-plazo-de-liquidacion-del-is-y-del-itp-ajd-durante-el-estado-de-alarma\\\/#primaryimage\"},\"image\":{\"@id\":\"https:\\\/\\\/perezdevargas.es\\\/es\\\/blog\\\/nota-sobre-el-decreto-ley-14-2020-de-la-junta-de-andalucia-ampliacion-de-plazo-de-liquidacion-del-is-y-del-itp-ajd-durante-el-estado-de-alarma\\\/#primaryimage\"},\"thumbnailUrl\":\"https:\\\/\\\/perezdevargas.es\\\/wp-content\\\/uploads\\\/2018\\\/05\\\/Andalucia.jpg\",\"datePublished\":\"2020-06-01T09:29:46+00:00\",\"dateModified\":\"2022-02-25T17:24:34+00:00\",\"description\":\"1.- El 27 de mayo se ha publicado en el BOJA el Decreto-ley 14\\\/2020 por el que se establecen con car\u00e1cter extraordinario y urgente medidas para la\",\"breadcrumb\":{\"@id\":\"https:\\\/\\\/perezdevargas.es\\\/es\\\/blog\\\/nota-sobre-el-decreto-ley-14-2020-de-la-junta-de-andalucia-ampliacion-de-plazo-de-liquidacion-del-is-y-del-itp-ajd-durante-el-estado-de-alarma\\\/#breadcrumb\"},\"inLanguage\":\"es\",\"potentialAction\":[{\"@type\":\"ReadAction\",\"target\":[\"https:\\\/\\\/perezdevargas.es\\\/es\\\/blog\\\/nota-sobre-el-decreto-ley-14-2020-de-la-junta-de-andalucia-ampliacion-de-plazo-de-liquidacion-del-is-y-del-itp-ajd-durante-el-estado-de-alarma\\\/\"]}]},{\"@type\":\"ImageObject\",\"inLanguage\":\"es\",\"@id\":\"https:\\\/\\\/perezdevargas.es\\\/es\\\/blog\\\/nota-sobre-el-decreto-ley-14-2020-de-la-junta-de-andalucia-ampliacion-de-plazo-de-liquidacion-del-is-y-del-itp-ajd-durante-el-estado-de-alarma\\\/#primaryimage\",\"url\":\"https:\\\/\\\/perezdevargas.es\\\/wp-content\\\/uploads\\\/2018\\\/05\\\/Andalucia.jpg\",\"contentUrl\":\"https:\\\/\\\/perezdevargas.es\\\/wp-content\\\/uploads\\\/2018\\\/05\\\/Andalucia.jpg\",\"width\":10000,\"height\":6667},{\"@type\":\"BreadcrumbList\",\"@id\":\"https:\\\/\\\/perezdevargas.es\\\/es\\\/blog\\\/nota-sobre-el-decreto-ley-14-2020-de-la-junta-de-andalucia-ampliacion-de-plazo-de-liquidacion-del-is-y-del-itp-ajd-durante-el-estado-de-alarma\\\/#breadcrumb\",\"itemListElement\":[{\"@type\":\"ListItem\",\"position\":1,\"name\":\"Portada\",\"item\":\"https:\\\/\\\/perezdevargas.es\\\/es\\\/\"},{\"@type\":\"ListItem\",\"position\":2,\"name\":\"Nota sobre el Decreto-ley 14\\\/2020 de la Junta de Andaluc\u00eda. Ampliaci\u00f3n de plazo de liquidaci\u00f3n del IS y del ITP-AJD durante el estado de alarma.\"}]},{\"@type\":\"WebSite\",\"@id\":\"https:\\\/\\\/perezdevargas.es\\\/es\\\/#website\",\"url\":\"https:\\\/\\\/perezdevargas.es\\\/es\\\/\",\"name\":\"P\u00e9rez de Vargas\",\"description\":\"\",\"publisher\":{\"@id\":\"https:\\\/\\\/perezdevargas.es\\\/es\\\/#organization\"},\"potentialAction\":[{\"@type\":\"SearchAction\",\"target\":{\"@type\":\"EntryPoint\",\"urlTemplate\":\"https:\\\/\\\/perezdevargas.es\\\/es\\\/?s={search_term_string}\"},\"query-input\":{\"@type\":\"PropertyValueSpecification\",\"valueRequired\":true,\"valueName\":\"search_term_string\"}}],\"inLanguage\":\"es\"},{\"@type\":\"Organization\",\"@id\":\"https:\\\/\\\/perezdevargas.es\\\/es\\\/#organization\",\"name\":\"P\u00e9rez de Vargas\",\"url\":\"https:\\\/\\\/perezdevargas.es\\\/es\\\/\",\"logo\":{\"@type\":\"ImageObject\",\"inLanguage\":\"es\",\"@id\":\"https:\\\/\\\/perezdevargas.es\\\/es\\\/#\\\/schema\\\/logo\\\/image\\\/\",\"url\":\"https:\\\/\\\/perezdevargas.es\\\/wp-content\\\/uploads\\\/2025\\\/04\\\/Diseno-sin-titulo-91-1.jpg\",\"contentUrl\":\"https:\\\/\\\/perezdevargas.es\\\/wp-content\\\/uploads\\\/2025\\\/04\\\/Diseno-sin-titulo-91-1.jpg\",\"width\":500,\"height\":500,\"caption\":\"P\u00e9rez de Vargas\"},\"image\":{\"@id\":\"https:\\\/\\\/perezdevargas.es\\\/es\\\/#\\\/schema\\\/logo\\\/image\\\/\"},\"sameAs\":[\"https:\\\/\\\/www.facebook.com\\\/perezdevargasabogados\\\/\",\"https:\\\/\\\/www.instagram.com\\\/perezdevargasabogados\\\/\"]},{\"@type\":\"Person\",\"@id\":\"https:\\\/\\\/perezdevargas.es\\\/es\\\/#\\\/schema\\\/person\\\/a0e90d0ab9c64f83904b0d73f228ad70\",\"name\":\"Perez de Vargas Abogados\",\"image\":{\"@type\":\"ImageObject\",\"inLanguage\":\"es\",\"@id\":\"https:\\\/\\\/secure.gravatar.com\\\/avatar\\\/c2bcf5d4c3dc9f9b1f8e0ac05215f3b8f4c5443d221f98f3ddf1311ca496dba9?s=96&d=mm&r=g\",\"url\":\"https:\\\/\\\/secure.gravatar.com\\\/avatar\\\/c2bcf5d4c3dc9f9b1f8e0ac05215f3b8f4c5443d221f98f3ddf1311ca496dba9?s=96&d=mm&r=g\",\"contentUrl\":\"https:\\\/\\\/secure.gravatar.com\\\/avatar\\\/c2bcf5d4c3dc9f9b1f8e0ac05215f3b8f4c5443d221f98f3ddf1311ca496dba9?s=96&d=mm&r=g\",\"caption\":\"Perez de Vargas Abogados\"}}]}<\/script>\n<!-- \/ Yoast SEO plugin. -->","yoast_head_json":{"title":"Decreto-ley 14\/2020 de la Junta de Andaluc\u00eda | P\u00e9rez de Vargas","description":"1.- El 27 de mayo se ha publicado en el BOJA el Decreto-ley 14\/2020 por el que se establecen con car\u00e1cter extraordinario y urgente medidas para la","robots":{"index":"index","follow":"follow","max-snippet":"max-snippet:-1","max-image-preview":"max-image-preview:large","max-video-preview":"max-video-preview:-1"},"canonical":"https:\/\/perezdevargas.es\/es\/blog\/nota-sobre-el-decreto-ley-14-2020-de-la-junta-de-andalucia-ampliacion-de-plazo-de-liquidacion-del-is-y-del-itp-ajd-durante-el-estado-de-alarma\/","og_locale":"es_ES","og_type":"article","og_title":"Decreto-ley 14\/2020 de la Junta de Andaluc\u00eda | P\u00e9rez de Vargas","og_description":"1.- El 27 de mayo se ha publicado en el BOJA el Decreto-ley 14\/2020 por el que se establecen con car\u00e1cter extraordinario y urgente medidas para la","og_url":"https:\/\/perezdevargas.es\/es\/blog\/nota-sobre-el-decreto-ley-14-2020-de-la-junta-de-andalucia-ampliacion-de-plazo-de-liquidacion-del-is-y-del-itp-ajd-durante-el-estado-de-alarma\/","og_site_name":"P\u00e9rez de Vargas","article_publisher":"https:\/\/www.facebook.com\/perezdevargasabogados\/","article_published_time":"2020-06-01T09:29:46+00:00","article_modified_time":"2022-02-25T17:24:34+00:00","og_image":[{"width":1024,"height":683,"url":"https:\/\/perezdevargas.es\/wp-content\/uploads\/2018\/05\/Andalucia-1024x683.jpg","type":"image\/jpeg"}],"author":"Perez de Vargas Abogados","twitter_card":"summary_large_image","twitter_misc":{"Escrito por":"Perez de Vargas Abogados","Tiempo de lectura":"1 minuto"},"schema":{"@context":"https:\/\/schema.org","@graph":[{"@type":"Article","@id":"https:\/\/perezdevargas.es\/es\/blog\/nota-sobre-el-decreto-ley-14-2020-de-la-junta-de-andalucia-ampliacion-de-plazo-de-liquidacion-del-is-y-del-itp-ajd-durante-el-estado-de-alarma\/#article","isPartOf":{"@id":"https:\/\/perezdevargas.es\/es\/blog\/nota-sobre-el-decreto-ley-14-2020-de-la-junta-de-andalucia-ampliacion-de-plazo-de-liquidacion-del-is-y-del-itp-ajd-durante-el-estado-de-alarma\/"},"author":{"name":"Perez de Vargas Abogados","@id":"https:\/\/perezdevargas.es\/es\/#\/schema\/person\/a0e90d0ab9c64f83904b0d73f228ad70"},"headline":"Nota sobre el Decreto-ley 14\/2020 de la Junta de Andaluc\u00eda. Ampliaci\u00f3n de plazo de liquidaci\u00f3n del IS y del ITP-AJD durante el estado de alarma.","datePublished":"2020-06-01T09:29:46+00:00","dateModified":"2022-02-25T17:24:34+00:00","mainEntityOfPage":{"@id":"https:\/\/perezdevargas.es\/es\/blog\/nota-sobre-el-decreto-ley-14-2020-de-la-junta-de-andalucia-ampliacion-de-plazo-de-liquidacion-del-is-y-del-itp-ajd-durante-el-estado-de-alarma\/"},"wordCount":237,"commentCount":0,"publisher":{"@id":"https:\/\/perezdevargas.es\/es\/#organization"},"image":{"@id":"https:\/\/perezdevargas.es\/es\/blog\/nota-sobre-el-decreto-ley-14-2020-de-la-junta-de-andalucia-ampliacion-de-plazo-de-liquidacion-del-is-y-del-itp-ajd-durante-el-estado-de-alarma\/#primaryimage"},"thumbnailUrl":"https:\/\/perezdevargas.es\/wp-content\/uploads\/2018\/05\/Andalucia.jpg","articleSection":["\u00daltimas noticias"],"inLanguage":"es","potentialAction":[{"@type":"CommentAction","name":"Comment","target":["https:\/\/perezdevargas.es\/es\/blog\/nota-sobre-el-decreto-ley-14-2020-de-la-junta-de-andalucia-ampliacion-de-plazo-de-liquidacion-del-is-y-del-itp-ajd-durante-el-estado-de-alarma\/#respond"]}]},{"@type":"WebPage","@id":"https:\/\/perezdevargas.es\/es\/blog\/nota-sobre-el-decreto-ley-14-2020-de-la-junta-de-andalucia-ampliacion-de-plazo-de-liquidacion-del-is-y-del-itp-ajd-durante-el-estado-de-alarma\/","url":"https:\/\/perezdevargas.es\/es\/blog\/nota-sobre-el-decreto-ley-14-2020-de-la-junta-de-andalucia-ampliacion-de-plazo-de-liquidacion-del-is-y-del-itp-ajd-durante-el-estado-de-alarma\/","name":"Decreto-ley 14\/2020 de la Junta de Andaluc\u00eda | P\u00e9rez de Vargas","isPartOf":{"@id":"https:\/\/perezdevargas.es\/es\/#website"},"primaryImageOfPage":{"@id":"https:\/\/perezdevargas.es\/es\/blog\/nota-sobre-el-decreto-ley-14-2020-de-la-junta-de-andalucia-ampliacion-de-plazo-de-liquidacion-del-is-y-del-itp-ajd-durante-el-estado-de-alarma\/#primaryimage"},"image":{"@id":"https:\/\/perezdevargas.es\/es\/blog\/nota-sobre-el-decreto-ley-14-2020-de-la-junta-de-andalucia-ampliacion-de-plazo-de-liquidacion-del-is-y-del-itp-ajd-durante-el-estado-de-alarma\/#primaryimage"},"thumbnailUrl":"https:\/\/perezdevargas.es\/wp-content\/uploads\/2018\/05\/Andalucia.jpg","datePublished":"2020-06-01T09:29:46+00:00","dateModified":"2022-02-25T17:24:34+00:00","description":"1.- El 27 de mayo se ha publicado en el BOJA el Decreto-ley 14\/2020 por el que se establecen con car\u00e1cter extraordinario y urgente medidas para la","breadcrumb":{"@id":"https:\/\/perezdevargas.es\/es\/blog\/nota-sobre-el-decreto-ley-14-2020-de-la-junta-de-andalucia-ampliacion-de-plazo-de-liquidacion-del-is-y-del-itp-ajd-durante-el-estado-de-alarma\/#breadcrumb"},"inLanguage":"es","potentialAction":[{"@type":"ReadAction","target":["https:\/\/perezdevargas.es\/es\/blog\/nota-sobre-el-decreto-ley-14-2020-de-la-junta-de-andalucia-ampliacion-de-plazo-de-liquidacion-del-is-y-del-itp-ajd-durante-el-estado-de-alarma\/"]}]},{"@type":"ImageObject","inLanguage":"es","@id":"https:\/\/perezdevargas.es\/es\/blog\/nota-sobre-el-decreto-ley-14-2020-de-la-junta-de-andalucia-ampliacion-de-plazo-de-liquidacion-del-is-y-del-itp-ajd-durante-el-estado-de-alarma\/#primaryimage","url":"https:\/\/perezdevargas.es\/wp-content\/uploads\/2018\/05\/Andalucia.jpg","contentUrl":"https:\/\/perezdevargas.es\/wp-content\/uploads\/2018\/05\/Andalucia.jpg","width":10000,"height":6667},{"@type":"BreadcrumbList","@id":"https:\/\/perezdevargas.es\/es\/blog\/nota-sobre-el-decreto-ley-14-2020-de-la-junta-de-andalucia-ampliacion-de-plazo-de-liquidacion-del-is-y-del-itp-ajd-durante-el-estado-de-alarma\/#breadcrumb","itemListElement":[{"@type":"ListItem","position":1,"name":"Portada","item":"https:\/\/perezdevargas.es\/es\/"},{"@type":"ListItem","position":2,"name":"Nota sobre el Decreto-ley 14\/2020 de la Junta de Andaluc\u00eda. Ampliaci\u00f3n de plazo de liquidaci\u00f3n del IS y del ITP-AJD durante el estado de alarma."}]},{"@type":"WebSite","@id":"https:\/\/perezdevargas.es\/es\/#website","url":"https:\/\/perezdevargas.es\/es\/","name":"P\u00e9rez de Vargas","description":"","publisher":{"@id":"https:\/\/perezdevargas.es\/es\/#organization"},"potentialAction":[{"@type":"SearchAction","target":{"@type":"EntryPoint","urlTemplate":"https:\/\/perezdevargas.es\/es\/?s={search_term_string}"},"query-input":{"@type":"PropertyValueSpecification","valueRequired":true,"valueName":"search_term_string"}}],"inLanguage":"es"},{"@type":"Organization","@id":"https:\/\/perezdevargas.es\/es\/#organization","name":"P\u00e9rez de Vargas","url":"https:\/\/perezdevargas.es\/es\/","logo":{"@type":"ImageObject","inLanguage":"es","@id":"https:\/\/perezdevargas.es\/es\/#\/schema\/logo\/image\/","url":"https:\/\/perezdevargas.es\/wp-content\/uploads\/2025\/04\/Diseno-sin-titulo-91-1.jpg","contentUrl":"https:\/\/perezdevargas.es\/wp-content\/uploads\/2025\/04\/Diseno-sin-titulo-91-1.jpg","width":500,"height":500,"caption":"P\u00e9rez de Vargas"},"image":{"@id":"https:\/\/perezdevargas.es\/es\/#\/schema\/logo\/image\/"},"sameAs":["https:\/\/www.facebook.com\/perezdevargasabogados\/","https:\/\/www.instagram.com\/perezdevargasabogados\/"]},{"@type":"Person","@id":"https:\/\/perezdevargas.es\/es\/#\/schema\/person\/a0e90d0ab9c64f83904b0d73f228ad70","name":"Perez de Vargas Abogados","image":{"@type":"ImageObject","inLanguage":"es","@id":"https:\/\/secure.gravatar.com\/avatar\/c2bcf5d4c3dc9f9b1f8e0ac05215f3b8f4c5443d221f98f3ddf1311ca496dba9?s=96&d=mm&r=g","url":"https:\/\/secure.gravatar.com\/avatar\/c2bcf5d4c3dc9f9b1f8e0ac05215f3b8f4c5443d221f98f3ddf1311ca496dba9?s=96&d=mm&r=g","contentUrl":"https:\/\/secure.gravatar.com\/avatar\/c2bcf5d4c3dc9f9b1f8e0ac05215f3b8f4c5443d221f98f3ddf1311ca496dba9?s=96&d=mm&r=g","caption":"Perez de Vargas Abogados"}}]}},"_links":{"self":[{"href":"https:\/\/perezdevargas.es\/es\/wp-json\/wp\/v2\/posts\/3558","targetHints":{"allow":["GET"]}}],"collection":[{"href":"https:\/\/perezdevargas.es\/es\/wp-json\/wp\/v2\/posts"}],"about":[{"href":"https:\/\/perezdevargas.es\/es\/wp-json\/wp\/v2\/types\/post"}],"author":[{"embeddable":true,"href":"https:\/\/perezdevargas.es\/es\/wp-json\/wp\/v2\/users\/21"}],"replies":[{"embeddable":true,"href":"https:\/\/perezdevargas.es\/es\/wp-json\/wp\/v2\/comments?post=3558"}],"version-history":[{"count":4,"href":"https:\/\/perezdevargas.es\/es\/wp-json\/wp\/v2\/posts\/3558\/revisions"}],"predecessor-version":[{"id":3566,"href":"https:\/\/perezdevargas.es\/es\/wp-json\/wp\/v2\/posts\/3558\/revisions\/3566"}],"wp:featuredmedia":[{"embeddable":true,"href":"https:\/\/perezdevargas.es\/es\/wp-json\/wp\/v2\/media\/1968"}],"wp:attachment":[{"href":"https:\/\/perezdevargas.es\/es\/wp-json\/wp\/v2\/media?parent=3558"}],"wp:term":[{"taxonomy":"category","embeddable":true,"href":"https:\/\/perezdevargas.es\/es\/wp-json\/wp\/v2\/categories?post=3558"},{"taxonomy":"post_tag","embeddable":true,"href":"https:\/\/perezdevargas.es\/es\/wp-json\/wp\/v2\/tags?post=3558"}],"curies":[{"name":"wp","href":"https:\/\/api.w.org\/{rel}","templated":true}]}}