{"id":4988,"date":"2021-05-10T07:40:23","date_gmt":"2021-05-10T07:40:23","guid":{"rendered":"https:\/\/perezdevargas.es\/?p=4988"},"modified":"2022-02-25T17:05:28","modified_gmt":"2022-02-25T17:05:28","slug":"desayuno-camara-de-comercio-britanica-patronizado-por-perez-de-vargas-abogados","status":"publish","type":"post","link":"https:\/\/perezdevargas.es\/es\/blog\/desayuno-camara-de-comercio-britanica-patronizado-por-perez-de-vargas-abogados\/","title":{"rendered":"Desayuno Camara de Comercio Brit\u00e1nica patronizado por P\u00e9rez de Vargas Abogados."},"content":{"rendered":"<p>EL pasado 29 de abril, celebramos junto con la <span style=\"color: #0000ff;\"><strong><a style=\"color: #0000ff;\" href=\"http:\/\/www.britishchamberspain.com\/business-networking-breakfast-in-collaboration-with-perez-de-vargas-abogados.html\">C\u00e1mara de Comercio Brit\u00e1nica<\/a> <\/strong><\/span>desayuno en La Sala Ban\u00fas, donde nuestros compa\u00f1eros Roc\u00edo Ledesma Ribot y Sergio Zamudio Bastida hicieron una presentaci\u00f3n del Despacho as\u00ed como de los servicios que ofrecemos a nuestros clientes.<\/p>\n<p>El Desayuno transcurri\u00f3 en un abiente agradable donde los distintos asisitentes aprovecharon para intercambiar inquietudes y relacionarse con los nuevos socios y antiguos miembros de la C\u00e1mara de Comercio.<\/p>\n<p>Esperamos poder encontrarnos de nuevo con los miembros de la C\u00e1mara pr\u00f3ximamente.<\/p>\n<div id='gallery-1' class='gallery galleryid-4988 gallery-columns-3 gallery-size-thumbnail'><figure class='gallery-item'>\n\t\t\t<div class='gallery-icon portrait'>\n\t\t\t\t<a href='https:\/\/perezdevargas.es\/es\/blog\/desayuno-camara-de-comercio-britanica-patronizado-por-perez-de-vargas-abogados\/whatsapp-image-2021-05-06-at-10-16-193\/'><img decoding=\"async\" width=\"121\" height=\"150\" src=\"https:\/\/perezdevargas.es\/wp-content\/uploads\/2021\/05\/WhatsApp-Image-2021-05-06-at-10.16.193.jpeg\" class=\"attachment-thumbnail size-thumbnail\" alt=\"\" \/><\/a>\n\t\t\t<\/div><\/figure><figure class='gallery-item'>\n\t\t\t<div class='gallery-icon landscape'>\n\t\t\t\t<a href='https:\/\/perezdevargas.es\/es\/blog\/desayuno-camara-de-comercio-britanica-patronizado-por-perez-de-vargas-abogados\/whatsapp-image-2021-05-06-at-10-16-204\/'><img decoding=\"async\" width=\"150\" height=\"113\" src=\"https:\/\/perezdevargas.es\/wp-content\/uploads\/2021\/05\/WhatsApp-Image-2021-05-06-at-10.16.204.jpeg\" class=\"attachment-thumbnail size-thumbnail\" alt=\"Blog Perez de Vargas\" \/><\/a>\n\t\t\t<\/div><\/figure><figure class='gallery-item'>\n\t\t\t<div class='gallery-icon portrait'>\n\t\t\t\t<a href='https:\/\/perezdevargas.es\/es\/blog\/desayuno-camara-de-comercio-britanica-patronizado-por-perez-de-vargas-abogados\/whatsapp-image-2021-05-06-at-10-16-213\/'><img decoding=\"async\" width=\"113\" height=\"150\" src=\"https:\/\/perezdevargas.es\/wp-content\/uploads\/2021\/05\/WhatsApp-Image-2021-05-06-at-10.16.213.jpeg\" class=\"attachment-thumbnail size-thumbnail\" alt=\"\" \/><\/a>\n\t\t\t<\/div><\/figure><figure class='gallery-item'>\n\t\t\t<div class='gallery-icon portrait'>\n\t\t\t\t<a href='https:\/\/perezdevargas.es\/es\/blog\/desayuno-camara-de-comercio-britanica-patronizado-por-perez-de-vargas-abogados\/whatsapp-image-2021-05-06-at-10-16-203\/'><img loading=\"lazy\" decoding=\"async\" width=\"113\" height=\"150\" src=\"https:\/\/perezdevargas.es\/wp-content\/uploads\/2021\/05\/WhatsApp-Image-2021-05-06-at-10.16.203.jpeg\" class=\"attachment-thumbnail size-thumbnail\" alt=\"\" \/><\/a>\n\t\t\t<\/div><\/figure><figure class='gallery-item'>\n\t\t\t<div class='gallery-icon portrait'>\n\t\t\t\t<a href='https:\/\/perezdevargas.es\/es\/blog\/desayuno-camara-de-comercio-britanica-patronizado-por-perez-de-vargas-abogados\/whatsapp-image-2021-05-06-at-10-16-20\/'><img loading=\"lazy\" decoding=\"async\" width=\"113\" height=\"150\" src=\"https:\/\/perezdevargas.es\/wp-content\/uploads\/2021\/05\/WhatsApp-Image-2021-05-06-at-10.16.20.jpeg\" class=\"attachment-thumbnail size-thumbnail\" alt=\"\" \/><\/a>\n\t\t\t<\/div><\/figure><figure class='gallery-item'>\n\t\t\t<div class='gallery-icon portrait'>\n\t\t\t\t<a href='https:\/\/perezdevargas.es\/es\/blog\/desayuno-camara-de-comercio-britanica-patronizado-por-perez-de-vargas-abogados\/whatsapp-image-2021-05-06-at-10-16-201\/'><img loading=\"lazy\" decoding=\"async\" width=\"113\" height=\"150\" src=\"https:\/\/perezdevargas.es\/wp-content\/uploads\/2021\/05\/WhatsApp-Image-2021-05-06-at-10.16.201.jpeg\" class=\"attachment-thumbnail size-thumbnail\" alt=\"\" \/><\/a>\n\t\t\t<\/div><\/figure><figure class='gallery-item'>\n\t\t\t<div class='gallery-icon portrait'>\n\t\t\t\t<a href='https:\/\/perezdevargas.es\/es\/blog\/desayuno-camara-de-comercio-britanica-patronizado-por-perez-de-vargas-abogados\/whatsapp-image-2021-05-06-at-10-16-192\/'><img loading=\"lazy\" decoding=\"async\" width=\"113\" height=\"150\" src=\"https:\/\/perezdevargas.es\/wp-content\/uploads\/2021\/05\/WhatsApp-Image-2021-05-06-at-10.16.192.jpeg\" class=\"attachment-thumbnail size-thumbnail\" alt=\"\" \/><\/a>\n\t\t\t<\/div><\/figure>\n\t\t<\/div>\n\n","protected":false},"excerpt":{"rendered":"<p>EL pasado 29 de abril, celebramos junto con la C\u00e1mara de Comercio Brit\u00e1nica desayuno en La Sala Ban\u00fas, donde nuestros [&hellip;]<\/p>\n","protected":false},"author":21,"featured_media":4989,"comment_status":"open","ping_status":"open","sticky":false,"template":"","format":"standard","meta":{"site-sidebar-layout":"default","site-content-layout":"","ast-site-content-layout":"default","site-content-style":"default","site-sidebar-style":"default","ast-global-header-display":"","ast-banner-title-visibility":"","ast-main-header-display":"","ast-hfb-above-header-display":"","ast-hfb-below-header-display":"","ast-hfb-mobile-header-display":"","site-post-title":"","ast-breadcrumbs-content":"","ast-featured-img":"","footer-sml-layout":"","ast-disable-related-posts":"","theme-transparent-header-meta":"","adv-header-id-meta":"","stick-header-meta":"","header-above-stick-meta":"","header-main-stick-meta":"","header-below-stick-meta":"","astra-migrate-meta-layouts":"default","ast-page-background-enabled":"default","ast-page-background-meta":{"desktop":{"background-color":"var(--ast-global-color-4)","background-image":"","background-repeat":"repeat","background-position":"center center","background-size":"auto","background-attachment":"scroll","background-type":"","background-media":"","overlay-type":"","overlay-color":"","overlay-opacity":"","overlay-gradient":""},"tablet":{"background-color":"","background-image":"","background-repeat":"repeat","background-position":"center center","background-size":"auto","background-attachment":"scroll","background-type":"","background-media":"","overlay-type":"","overlay-color":"","overlay-opacity":"","overlay-gradient":""},"mobile":{"background-color":"","background-image":"","background-repeat":"repeat","background-position":"center center","background-size":"auto","background-attachment":"scroll","background-type":"","background-media":"","overlay-type":"","overlay-color":"","overlay-opacity":"","overlay-gradient":""}},"ast-content-background-meta":{"desktop":{"background-color":"var(--ast-global-color-5)","background-image":"","background-repeat":"repeat","background-position":"center center","background-size":"auto","background-attachment":"scroll","background-type":"","background-media":"","overlay-type":"","overlay-color":"","overlay-opacity":"","overlay-gradient":""},"tablet":{"background-color":"var(--ast-global-color-5)","background-image":"","background-repeat":"repeat","background-position":"center center","background-size":"auto","background-attachment":"scroll","background-type":"","background-media":"","overlay-type":"","overlay-color":"","overlay-opacity":"","overlay-gradient":""},"mobile":{"background-color":"var(--ast-global-color-5)","background-image":"","background-repeat":"repeat","background-position":"center center","background-size":"auto","background-attachment":"scroll","background-type":"","background-media":"","overlay-type":"","overlay-color":"","overlay-opacity":"","overlay-gradient":""}},"footnotes":""},"categories":[1,6],"tags":[],"class_list":["post-4988","post","type-post","status-publish","format-standard","has-post-thumbnail","hentry","category-eventos","category-ultimas-noticias"],"yoast_head":"<!-- This site is optimized with the Yoast SEO plugin v27.4 - https:\/\/yoast.com\/product\/yoast-seo-wordpress\/ -->\n<title>Desayuno C\u00e1mara de Comercio Brit\u00e1nica patronizado | P\u00e9rez de Vargas<\/title>\n<meta name=\"description\" content=\"EL pasado 29 de abril, celebramos junto con la C\u00e1mara de Comercio Brit\u00e1nica desayuno en La Sala Ban\u00fas, donde nuestros compa\u00f1eros Roc\u00edo Ledesma Ribot y\" \/>\n<meta name=\"robots\" content=\"index, follow, max-snippet:-1, max-image-preview:large, max-video-preview:-1\" \/>\n<link rel=\"canonical\" href=\"https:\/\/perezdevargas.es\/es\/blog\/desayuno-camara-de-comercio-britanica-patronizado-por-perez-de-vargas-abogados\/\" \/>\n<meta property=\"og:locale\" content=\"es_ES\" \/>\n<meta property=\"og:type\" content=\"article\" \/>\n<meta property=\"og:title\" content=\"Desayuno C\u00e1mara de Comercio Brit\u00e1nica patronizado | P\u00e9rez de Vargas\" \/>\n<meta property=\"og:description\" content=\"EL pasado 29 de abril, celebramos junto con la C\u00e1mara de Comercio Brit\u00e1nica desayuno en La Sala Ban\u00fas, donde nuestros compa\u00f1eros Roc\u00edo Ledesma Ribot y\" \/>\n<meta property=\"og:url\" content=\"https:\/\/perezdevargas.es\/es\/blog\/desayuno-camara-de-comercio-britanica-patronizado-por-perez-de-vargas-abogados\/\" \/>\n<meta property=\"og:site_name\" content=\"P\u00e9rez de Vargas\" \/>\n<meta property=\"article:publisher\" content=\"https:\/\/www.facebook.com\/perezdevargasabogados\/\" \/>\n<meta property=\"article:published_time\" content=\"2021-05-10T07:40:23+00:00\" \/>\n<meta property=\"article:modified_time\" content=\"2022-02-25T17:05:28+00:00\" \/>\n<meta property=\"og:image\" content=\"https:\/\/perezdevargas.es\/wp-content\/uploads\/2021\/05\/WhatsApp-Image-2021-05-06-at-10.16.204.jpeg\" \/>\n\t<meta property=\"og:image:width\" content=\"1600\" \/>\n\t<meta property=\"og:image:height\" content=\"1200\" \/>\n\t<meta property=\"og:image:type\" content=\"image\/jpeg\" \/>\n<meta name=\"author\" content=\"Perez de Vargas Abogados\" \/>\n<meta name=\"twitter:card\" content=\"summary_large_image\" \/>\n<meta name=\"twitter:label1\" content=\"Escrito por\" \/>\n\t<meta name=\"twitter:data1\" content=\"Perez de Vargas Abogados\" \/>\n\t<meta name=\"twitter:label2\" content=\"Tiempo de lectura\" \/>\n\t<meta name=\"twitter:data2\" content=\"1 minuto\" \/>\n<script type=\"application\/ld+json\" class=\"yoast-schema-graph\">{\"@context\":\"https:\\\/\\\/schema.org\",\"@graph\":[{\"@type\":\"Article\",\"@id\":\"https:\\\/\\\/perezdevargas.es\\\/es\\\/blog\\\/desayuno-camara-de-comercio-britanica-patronizado-por-perez-de-vargas-abogados\\\/#article\",\"isPartOf\":{\"@id\":\"https:\\\/\\\/perezdevargas.es\\\/es\\\/blog\\\/desayuno-camara-de-comercio-britanica-patronizado-por-perez-de-vargas-abogados\\\/\"},\"author\":{\"name\":\"Perez de Vargas Abogados\",\"@id\":\"https:\\\/\\\/perezdevargas.es\\\/es\\\/#\\\/schema\\\/person\\\/a0e90d0ab9c64f83904b0d73f228ad70\"},\"headline\":\"Desayuno Camara de Comercio Brit\u00e1nica patronizado por P\u00e9rez de Vargas Abogados.\",\"datePublished\":\"2021-05-10T07:40:23+00:00\",\"dateModified\":\"2022-02-25T17:05:28+00:00\",\"mainEntityOfPage\":{\"@id\":\"https:\\\/\\\/perezdevargas.es\\\/es\\\/blog\\\/desayuno-camara-de-comercio-britanica-patronizado-por-perez-de-vargas-abogados\\\/\"},\"wordCount\":107,\"commentCount\":0,\"publisher\":{\"@id\":\"https:\\\/\\\/perezdevargas.es\\\/es\\\/#organization\"},\"image\":{\"@id\":\"https:\\\/\\\/perezdevargas.es\\\/es\\\/blog\\\/desayuno-camara-de-comercio-britanica-patronizado-por-perez-de-vargas-abogados\\\/#primaryimage\"},\"thumbnailUrl\":\"https:\\\/\\\/perezdevargas.es\\\/wp-content\\\/uploads\\\/2021\\\/05\\\/WhatsApp-Image-2021-05-06-at-10.16.204.jpeg\",\"articleSection\":[\"Eventos\",\"\u00daltimas noticias\"],\"inLanguage\":\"es\",\"potentialAction\":[{\"@type\":\"CommentAction\",\"name\":\"Comment\",\"target\":[\"https:\\\/\\\/perezdevargas.es\\\/es\\\/blog\\\/desayuno-camara-de-comercio-britanica-patronizado-por-perez-de-vargas-abogados\\\/#respond\"]}]},{\"@type\":\"WebPage\",\"@id\":\"https:\\\/\\\/perezdevargas.es\\\/es\\\/blog\\\/desayuno-camara-de-comercio-britanica-patronizado-por-perez-de-vargas-abogados\\\/\",\"url\":\"https:\\\/\\\/perezdevargas.es\\\/es\\\/blog\\\/desayuno-camara-de-comercio-britanica-patronizado-por-perez-de-vargas-abogados\\\/\",\"name\":\"Desayuno C\u00e1mara de Comercio Brit\u00e1nica patronizado | P\u00e9rez de Vargas\",\"isPartOf\":{\"@id\":\"https:\\\/\\\/perezdevargas.es\\\/es\\\/#website\"},\"primaryImageOfPage\":{\"@id\":\"https:\\\/\\\/perezdevargas.es\\\/es\\\/blog\\\/desayuno-camara-de-comercio-britanica-patronizado-por-perez-de-vargas-abogados\\\/#primaryimage\"},\"image\":{\"@id\":\"https:\\\/\\\/perezdevargas.es\\\/es\\\/blog\\\/desayuno-camara-de-comercio-britanica-patronizado-por-perez-de-vargas-abogados\\\/#primaryimage\"},\"thumbnailUrl\":\"https:\\\/\\\/perezdevargas.es\\\/wp-content\\\/uploads\\\/2021\\\/05\\\/WhatsApp-Image-2021-05-06-at-10.16.204.jpeg\",\"datePublished\":\"2021-05-10T07:40:23+00:00\",\"dateModified\":\"2022-02-25T17:05:28+00:00\",\"description\":\"EL pasado 29 de abril, celebramos junto con la C\u00e1mara de Comercio Brit\u00e1nica desayuno en La Sala Ban\u00fas, donde nuestros compa\u00f1eros Roc\u00edo Ledesma Ribot y\",\"breadcrumb\":{\"@id\":\"https:\\\/\\\/perezdevargas.es\\\/es\\\/blog\\\/desayuno-camara-de-comercio-britanica-patronizado-por-perez-de-vargas-abogados\\\/#breadcrumb\"},\"inLanguage\":\"es\",\"potentialAction\":[{\"@type\":\"ReadAction\",\"target\":[\"https:\\\/\\\/perezdevargas.es\\\/es\\\/blog\\\/desayuno-camara-de-comercio-britanica-patronizado-por-perez-de-vargas-abogados\\\/\"]}]},{\"@type\":\"ImageObject\",\"inLanguage\":\"es\",\"@id\":\"https:\\\/\\\/perezdevargas.es\\\/es\\\/blog\\\/desayuno-camara-de-comercio-britanica-patronizado-por-perez-de-vargas-abogados\\\/#primaryimage\",\"url\":\"https:\\\/\\\/perezdevargas.es\\\/wp-content\\\/uploads\\\/2021\\\/05\\\/WhatsApp-Image-2021-05-06-at-10.16.204.jpeg\",\"contentUrl\":\"https:\\\/\\\/perezdevargas.es\\\/wp-content\\\/uploads\\\/2021\\\/05\\\/WhatsApp-Image-2021-05-06-at-10.16.204.jpeg\",\"width\":1600,\"height\":1200,\"caption\":\"Blog Perez de Vargas\"},{\"@type\":\"BreadcrumbList\",\"@id\":\"https:\\\/\\\/perezdevargas.es\\\/es\\\/blog\\\/desayuno-camara-de-comercio-britanica-patronizado-por-perez-de-vargas-abogados\\\/#breadcrumb\",\"itemListElement\":[{\"@type\":\"ListItem\",\"position\":1,\"name\":\"Portada\",\"item\":\"https:\\\/\\\/perezdevargas.es\\\/es\\\/\"},{\"@type\":\"ListItem\",\"position\":2,\"name\":\"Desayuno Camara de Comercio Brit\u00e1nica patronizado por P\u00e9rez de Vargas Abogados.\"}]},{\"@type\":\"WebSite\",\"@id\":\"https:\\\/\\\/perezdevargas.es\\\/es\\\/#website\",\"url\":\"https:\\\/\\\/perezdevargas.es\\\/es\\\/\",\"name\":\"P\u00e9rez de Vargas\",\"description\":\"\",\"publisher\":{\"@id\":\"https:\\\/\\\/perezdevargas.es\\\/es\\\/#organization\"},\"potentialAction\":[{\"@type\":\"SearchAction\",\"target\":{\"@type\":\"EntryPoint\",\"urlTemplate\":\"https:\\\/\\\/perezdevargas.es\\\/es\\\/?s={search_term_string}\"},\"query-input\":{\"@type\":\"PropertyValueSpecification\",\"valueRequired\":true,\"valueName\":\"search_term_string\"}}],\"inLanguage\":\"es\"},{\"@type\":\"Organization\",\"@id\":\"https:\\\/\\\/perezdevargas.es\\\/es\\\/#organization\",\"name\":\"P\u00e9rez de Vargas\",\"url\":\"https:\\\/\\\/perezdevargas.es\\\/es\\\/\",\"logo\":{\"@type\":\"ImageObject\",\"inLanguage\":\"es\",\"@id\":\"https:\\\/\\\/perezdevargas.es\\\/es\\\/#\\\/schema\\\/logo\\\/image\\\/\",\"url\":\"https:\\\/\\\/perezdevargas.es\\\/wp-content\\\/uploads\\\/2025\\\/04\\\/Diseno-sin-titulo-91-1.jpg\",\"contentUrl\":\"https:\\\/\\\/perezdevargas.es\\\/wp-content\\\/uploads\\\/2025\\\/04\\\/Diseno-sin-titulo-91-1.jpg\",\"width\":500,\"height\":500,\"caption\":\"P\u00e9rez de Vargas\"},\"image\":{\"@id\":\"https:\\\/\\\/perezdevargas.es\\\/es\\\/#\\\/schema\\\/logo\\\/image\\\/\"},\"sameAs\":[\"https:\\\/\\\/www.facebook.com\\\/perezdevargasabogados\\\/\",\"https:\\\/\\\/www.instagram.com\\\/perezdevargasabogados\\\/\"]},{\"@type\":\"Person\",\"@id\":\"https:\\\/\\\/perezdevargas.es\\\/es\\\/#\\\/schema\\\/person\\\/a0e90d0ab9c64f83904b0d73f228ad70\",\"name\":\"Perez de Vargas Abogados\",\"image\":{\"@type\":\"ImageObject\",\"inLanguage\":\"es\",\"@id\":\"https:\\\/\\\/secure.gravatar.com\\\/avatar\\\/c2bcf5d4c3dc9f9b1f8e0ac05215f3b8f4c5443d221f98f3ddf1311ca496dba9?s=96&d=mm&r=g\",\"url\":\"https:\\\/\\\/secure.gravatar.com\\\/avatar\\\/c2bcf5d4c3dc9f9b1f8e0ac05215f3b8f4c5443d221f98f3ddf1311ca496dba9?s=96&d=mm&r=g\",\"contentUrl\":\"https:\\\/\\\/secure.gravatar.com\\\/avatar\\\/c2bcf5d4c3dc9f9b1f8e0ac05215f3b8f4c5443d221f98f3ddf1311ca496dba9?s=96&d=mm&r=g\",\"caption\":\"Perez de Vargas Abogados\"}}]}<\/script>\n<!-- \/ Yoast SEO plugin. -->","yoast_head_json":{"title":"Desayuno C\u00e1mara de Comercio Brit\u00e1nica patronizado | P\u00e9rez de Vargas","description":"EL pasado 29 de abril, celebramos junto con la C\u00e1mara de Comercio Brit\u00e1nica desayuno en La Sala Ban\u00fas, donde nuestros compa\u00f1eros Roc\u00edo Ledesma Ribot y","robots":{"index":"index","follow":"follow","max-snippet":"max-snippet:-1","max-image-preview":"max-image-preview:large","max-video-preview":"max-video-preview:-1"},"canonical":"https:\/\/perezdevargas.es\/es\/blog\/desayuno-camara-de-comercio-britanica-patronizado-por-perez-de-vargas-abogados\/","og_locale":"es_ES","og_type":"article","og_title":"Desayuno C\u00e1mara de Comercio Brit\u00e1nica patronizado | P\u00e9rez de Vargas","og_description":"EL pasado 29 de abril, celebramos junto con la C\u00e1mara de Comercio Brit\u00e1nica desayuno en La Sala Ban\u00fas, donde nuestros compa\u00f1eros Roc\u00edo Ledesma Ribot y","og_url":"https:\/\/perezdevargas.es\/es\/blog\/desayuno-camara-de-comercio-britanica-patronizado-por-perez-de-vargas-abogados\/","og_site_name":"P\u00e9rez de Vargas","article_publisher":"https:\/\/www.facebook.com\/perezdevargasabogados\/","article_published_time":"2021-05-10T07:40:23+00:00","article_modified_time":"2022-02-25T17:05:28+00:00","og_image":[{"width":1600,"height":1200,"url":"https:\/\/perezdevargas.es\/wp-content\/uploads\/2021\/05\/WhatsApp-Image-2021-05-06-at-10.16.204.jpeg","type":"image\/jpeg"}],"author":"Perez de Vargas Abogados","twitter_card":"summary_large_image","twitter_misc":{"Escrito por":"Perez de Vargas Abogados","Tiempo de lectura":"1 minuto"},"schema":{"@context":"https:\/\/schema.org","@graph":[{"@type":"Article","@id":"https:\/\/perezdevargas.es\/es\/blog\/desayuno-camara-de-comercio-britanica-patronizado-por-perez-de-vargas-abogados\/#article","isPartOf":{"@id":"https:\/\/perezdevargas.es\/es\/blog\/desayuno-camara-de-comercio-britanica-patronizado-por-perez-de-vargas-abogados\/"},"author":{"name":"Perez de Vargas Abogados","@id":"https:\/\/perezdevargas.es\/es\/#\/schema\/person\/a0e90d0ab9c64f83904b0d73f228ad70"},"headline":"Desayuno Camara de Comercio Brit\u00e1nica patronizado por P\u00e9rez de Vargas Abogados.","datePublished":"2021-05-10T07:40:23+00:00","dateModified":"2022-02-25T17:05:28+00:00","mainEntityOfPage":{"@id":"https:\/\/perezdevargas.es\/es\/blog\/desayuno-camara-de-comercio-britanica-patronizado-por-perez-de-vargas-abogados\/"},"wordCount":107,"commentCount":0,"publisher":{"@id":"https:\/\/perezdevargas.es\/es\/#organization"},"image":{"@id":"https:\/\/perezdevargas.es\/es\/blog\/desayuno-camara-de-comercio-britanica-patronizado-por-perez-de-vargas-abogados\/#primaryimage"},"thumbnailUrl":"https:\/\/perezdevargas.es\/wp-content\/uploads\/2021\/05\/WhatsApp-Image-2021-05-06-at-10.16.204.jpeg","articleSection":["Eventos","\u00daltimas noticias"],"inLanguage":"es","potentialAction":[{"@type":"CommentAction","name":"Comment","target":["https:\/\/perezdevargas.es\/es\/blog\/desayuno-camara-de-comercio-britanica-patronizado-por-perez-de-vargas-abogados\/#respond"]}]},{"@type":"WebPage","@id":"https:\/\/perezdevargas.es\/es\/blog\/desayuno-camara-de-comercio-britanica-patronizado-por-perez-de-vargas-abogados\/","url":"https:\/\/perezdevargas.es\/es\/blog\/desayuno-camara-de-comercio-britanica-patronizado-por-perez-de-vargas-abogados\/","name":"Desayuno C\u00e1mara de Comercio Brit\u00e1nica patronizado | P\u00e9rez de Vargas","isPartOf":{"@id":"https:\/\/perezdevargas.es\/es\/#website"},"primaryImageOfPage":{"@id":"https:\/\/perezdevargas.es\/es\/blog\/desayuno-camara-de-comercio-britanica-patronizado-por-perez-de-vargas-abogados\/#primaryimage"},"image":{"@id":"https:\/\/perezdevargas.es\/es\/blog\/desayuno-camara-de-comercio-britanica-patronizado-por-perez-de-vargas-abogados\/#primaryimage"},"thumbnailUrl":"https:\/\/perezdevargas.es\/wp-content\/uploads\/2021\/05\/WhatsApp-Image-2021-05-06-at-10.16.204.jpeg","datePublished":"2021-05-10T07:40:23+00:00","dateModified":"2022-02-25T17:05:28+00:00","description":"EL pasado 29 de abril, celebramos junto con la C\u00e1mara de Comercio Brit\u00e1nica desayuno en La Sala Ban\u00fas, donde nuestros compa\u00f1eros Roc\u00edo Ledesma Ribot y","breadcrumb":{"@id":"https:\/\/perezdevargas.es\/es\/blog\/desayuno-camara-de-comercio-britanica-patronizado-por-perez-de-vargas-abogados\/#breadcrumb"},"inLanguage":"es","potentialAction":[{"@type":"ReadAction","target":["https:\/\/perezdevargas.es\/es\/blog\/desayuno-camara-de-comercio-britanica-patronizado-por-perez-de-vargas-abogados\/"]}]},{"@type":"ImageObject","inLanguage":"es","@id":"https:\/\/perezdevargas.es\/es\/blog\/desayuno-camara-de-comercio-britanica-patronizado-por-perez-de-vargas-abogados\/#primaryimage","url":"https:\/\/perezdevargas.es\/wp-content\/uploads\/2021\/05\/WhatsApp-Image-2021-05-06-at-10.16.204.jpeg","contentUrl":"https:\/\/perezdevargas.es\/wp-content\/uploads\/2021\/05\/WhatsApp-Image-2021-05-06-at-10.16.204.jpeg","width":1600,"height":1200,"caption":"Blog Perez de Vargas"},{"@type":"BreadcrumbList","@id":"https:\/\/perezdevargas.es\/es\/blog\/desayuno-camara-de-comercio-britanica-patronizado-por-perez-de-vargas-abogados\/#breadcrumb","itemListElement":[{"@type":"ListItem","position":1,"name":"Portada","item":"https:\/\/perezdevargas.es\/es\/"},{"@type":"ListItem","position":2,"name":"Desayuno Camara de Comercio Brit\u00e1nica patronizado por P\u00e9rez de Vargas Abogados."}]},{"@type":"WebSite","@id":"https:\/\/perezdevargas.es\/es\/#website","url":"https:\/\/perezdevargas.es\/es\/","name":"P\u00e9rez de Vargas","description":"","publisher":{"@id":"https:\/\/perezdevargas.es\/es\/#organization"},"potentialAction":[{"@type":"SearchAction","target":{"@type":"EntryPoint","urlTemplate":"https:\/\/perezdevargas.es\/es\/?s={search_term_string}"},"query-input":{"@type":"PropertyValueSpecification","valueRequired":true,"valueName":"search_term_string"}}],"inLanguage":"es"},{"@type":"Organization","@id":"https:\/\/perezdevargas.es\/es\/#organization","name":"P\u00e9rez de Vargas","url":"https:\/\/perezdevargas.es\/es\/","logo":{"@type":"ImageObject","inLanguage":"es","@id":"https:\/\/perezdevargas.es\/es\/#\/schema\/logo\/image\/","url":"https:\/\/perezdevargas.es\/wp-content\/uploads\/2025\/04\/Diseno-sin-titulo-91-1.jpg","contentUrl":"https:\/\/perezdevargas.es\/wp-content\/uploads\/2025\/04\/Diseno-sin-titulo-91-1.jpg","width":500,"height":500,"caption":"P\u00e9rez de Vargas"},"image":{"@id":"https:\/\/perezdevargas.es\/es\/#\/schema\/logo\/image\/"},"sameAs":["https:\/\/www.facebook.com\/perezdevargasabogados\/","https:\/\/www.instagram.com\/perezdevargasabogados\/"]},{"@type":"Person","@id":"https:\/\/perezdevargas.es\/es\/#\/schema\/person\/a0e90d0ab9c64f83904b0d73f228ad70","name":"Perez de Vargas Abogados","image":{"@type":"ImageObject","inLanguage":"es","@id":"https:\/\/secure.gravatar.com\/avatar\/c2bcf5d4c3dc9f9b1f8e0ac05215f3b8f4c5443d221f98f3ddf1311ca496dba9?s=96&d=mm&r=g","url":"https:\/\/secure.gravatar.com\/avatar\/c2bcf5d4c3dc9f9b1f8e0ac05215f3b8f4c5443d221f98f3ddf1311ca496dba9?s=96&d=mm&r=g","contentUrl":"https:\/\/secure.gravatar.com\/avatar\/c2bcf5d4c3dc9f9b1f8e0ac05215f3b8f4c5443d221f98f3ddf1311ca496dba9?s=96&d=mm&r=g","caption":"Perez de Vargas Abogados"}}]}},"_links":{"self":[{"href":"https:\/\/perezdevargas.es\/es\/wp-json\/wp\/v2\/posts\/4988","targetHints":{"allow":["GET"]}}],"collection":[{"href":"https:\/\/perezdevargas.es\/es\/wp-json\/wp\/v2\/posts"}],"about":[{"href":"https:\/\/perezdevargas.es\/es\/wp-json\/wp\/v2\/types\/post"}],"author":[{"embeddable":true,"href":"https:\/\/perezdevargas.es\/es\/wp-json\/wp\/v2\/users\/21"}],"replies":[{"embeddable":true,"href":"https:\/\/perezdevargas.es\/es\/wp-json\/wp\/v2\/comments?post=4988"}],"version-history":[{"count":3,"href":"https:\/\/perezdevargas.es\/es\/wp-json\/wp\/v2\/posts\/4988\/revisions"}],"predecessor-version":[{"id":5019,"href":"https:\/\/perezdevargas.es\/es\/wp-json\/wp\/v2\/posts\/4988\/revisions\/5019"}],"wp:featuredmedia":[{"embeddable":true,"href":"https:\/\/perezdevargas.es\/es\/wp-json\/wp\/v2\/media\/4989"}],"wp:attachment":[{"href":"https:\/\/perezdevargas.es\/es\/wp-json\/wp\/v2\/media?parent=4988"}],"wp:term":[{"taxonomy":"category","embeddable":true,"href":"https:\/\/perezdevargas.es\/es\/wp-json\/wp\/v2\/categories?post=4988"},{"taxonomy":"post_tag","embeddable":true,"href":"https:\/\/perezdevargas.es\/es\/wp-json\/wp\/v2\/tags?post=4988"}],"curies":[{"name":"wp","href":"https:\/\/api.w.org\/{rel}","templated":true}]}}