{"id":633,"date":"2013-05-31T00:00:00","date_gmt":"2013-05-31T00:00:00","guid":{"rendered":"http:\/\/public.kiboserver.com\/perezdevargas\/jornada-ley-medidas-reforzar-proteccion-deudores-hipotecarios\/"},"modified":"2022-02-25T17:13:55","modified_gmt":"2022-02-25T17:13:55","slug":"jornada-ley-medidas-reforzar-proteccion-deudores-hipotecarios","status":"publish","type":"post","link":"https:\/\/perezdevargas.es\/es\/blog\/jornada-ley-medidas-reforzar-proteccion-deudores-hipotecarios\/","title":{"rendered":"Jornada sobre \u00abLey de medidas para reforzar la protecci\u00f3n a los deudores hipotecarios, reestructuraci\u00f3n de deuda y alquiler social\u00bb"},"content":{"rendered":"<p>Es innegable el impacto que la <a title=\"protecci\u00f3n de deudores hipotecarios\" href=\"http:\/\/curia.europa.eu\/juris\/document\/document.jsf?docid=135024&amp;doclang=ES\" target=\"_blank\" rel=\"noopener noreferrer\">Sentencia del Tribunal de Justicia de la Uni\u00f3n Europea de 14 de marzo de 2.013<\/a> ha provocado en el \u00e1mbito de las ejecuciones hipotecarias, as\u00ed como el amplio e intenso debate generado en torno a la misma, que ha culminado con la aprobaci\u00f3n por el Congreso de Diputados y por el Senado de la Ley de medidas para reforzar la<a href=\"https:\/\/perezdevargas.es\/blog\/ley-272012-proteccion-deudores-hipotecarios\/\"> protecci\u00f3n a los deudores hipotecarios<\/a>, reestructuraci\u00f3n de deuda y alquiler social.<\/p>\n<p>Por ello y a la vista de la profunda reforma legislativa prevista para la ejecuci\u00f3n de garant\u00edas hipotecarias, nuestro Despacho ha organizado una Jornada para debatir sobre las cuestiones jur\u00eddicas que se plantean ante esta nueva coyuntura, que se celebrar\u00e1 el Viernes, d\u00eda 31 de mayo de 2.013, a partir de las 9:30 horas, en el Hotel NH M\u00e1laga, Avda. R\u00edo Guadalmedina s\/n, M\u00e1laga.<\/p>\n<p>Los temas jur\u00eddicos que se debatir\u00e1n en la referida Jornada son de m\u00e1xima actualidad, divididos en tres Ponencias, que estar\u00e1n a cargo de:<\/p>\n<ul>\n<li><strong>Ilma. Sra. D\u00aa. Isabel Alvaz Menj\u00edbar,<\/strong>\u00a0Magistrada Juzgado de Primera Instancia N\u00ba 8 de M\u00e1laga.<\/li>\n<li><strong>D\u00f1a. Yolanda De Lucchi L\u00f3pez-Tapia<\/strong>, Profesora Titular de Derecho Procesal Universidad de M\u00e1laga.<\/li>\n<li><strong>D. Jos\u00e9 Manuel Ruiz-Rico Ruiz<\/strong>, Catedr\u00e1tico de Derecho Civil de la Universidad de M\u00e1laga y miembro de nuestro Despacho<\/li>\n<\/ul>\n<p>Una vez terminadas las exposiciones, se abrir\u00e1 un turno para los asistentes, que podr\u00e1n intervenir formulando las preguntas que consideren convenientes a los Ponentes.<\/p>\n\n","protected":false},"excerpt":{"rendered":"<p>Es innegable el impacto que la Sentencia del Tribunal de Justicia de la Uni\u00f3n Europea de 14 de marzo de [&hellip;]<\/p>\n","protected":false},"author":16,"featured_media":1284,"comment_status":"open","ping_status":"open","sticky":false,"template":"","format":"standard","meta":{"site-sidebar-layout":"default","site-content-layout":"","ast-site-content-layout":"default","site-content-style":"default","site-sidebar-style":"default","ast-global-header-display":"","ast-banner-title-visibility":"","ast-main-header-display":"","ast-hfb-above-header-display":"","ast-hfb-below-header-display":"","ast-hfb-mobile-header-display":"","site-post-title":"","ast-breadcrumbs-content":"","ast-featured-img":"","footer-sml-layout":"","ast-disable-related-posts":"","theme-transparent-header-meta":"","adv-header-id-meta":"","stick-header-meta":"","header-above-stick-meta":"","header-main-stick-meta":"","header-below-stick-meta":"","astra-migrate-meta-layouts":"default","ast-page-background-enabled":"default","ast-page-background-meta":{"desktop":{"background-color":"var(--ast-global-color-4)","background-image":"","background-repeat":"repeat","background-position":"center center","background-size":"auto","background-attachment":"scroll","background-type":"","background-media":"","overlay-type":"","overlay-color":"","overlay-opacity":"","overlay-gradient":""},"tablet":{"background-color":"","background-image":"","background-repeat":"repeat","background-position":"center center","background-size":"auto","background-attachment":"scroll","background-type":"","background-media":"","overlay-type":"","overlay-color":"","overlay-opacity":"","overlay-gradient":""},"mobile":{"background-color":"","background-image":"","background-repeat":"repeat","background-position":"center center","background-size":"auto","background-attachment":"scroll","background-type":"","background-media":"","overlay-type":"","overlay-color":"","overlay-opacity":"","overlay-gradient":""}},"ast-content-background-meta":{"desktop":{"background-color":"var(--ast-global-color-5)","background-image":"","background-repeat":"repeat","background-position":"center center","background-size":"auto","background-attachment":"scroll","background-type":"","background-media":"","overlay-type":"","overlay-color":"","overlay-opacity":"","overlay-gradient":""},"tablet":{"background-color":"var(--ast-global-color-5)","background-image":"","background-repeat":"repeat","background-position":"center center","background-size":"auto","background-attachment":"scroll","background-type":"","background-media":"","overlay-type":"","overlay-color":"","overlay-opacity":"","overlay-gradient":""},"mobile":{"background-color":"var(--ast-global-color-5)","background-image":"","background-repeat":"repeat","background-position":"center center","background-size":"auto","background-attachment":"scroll","background-type":"","background-media":"","overlay-type":"","overlay-color":"","overlay-opacity":"","overlay-gradient":""}},"footnotes":""},"categories":[1],"tags":[31,32,33,28,34],"class_list":["post-633","post","type-post","status-publish","format-standard","has-post-thumbnail","hentry","category-eventos","tag-derecho-bancario","tag-deudores","tag-hipotecarios","tag-jornadas","tag-reforzar"],"yoast_head":"<!-- This site is optimized with the Yoast SEO plugin v27.4 - https:\/\/yoast.com\/product\/yoast-seo-wordpress\/ -->\n<title>Ley de medidas para reforzar la protecci\u00f3n a deudores | P\u00e9rez de Vargas<\/title>\n<meta name=\"description\" content=\"Es innegable el impacto que la Sentencia del Tribunal de Justicia de la Uni\u00f3n Europea de 14 de marzo de 2.013 ha provocado en el \u00e1mbito de las ejecuciones\" \/>\n<meta name=\"robots\" content=\"index, follow, max-snippet:-1, max-image-preview:large, max-video-preview:-1\" \/>\n<link rel=\"canonical\" href=\"https:\/\/perezdevargas.es\/es\/blog\/jornada-ley-medidas-reforzar-proteccion-deudores-hipotecarios\/\" \/>\n<meta property=\"og:locale\" content=\"es_ES\" \/>\n<meta property=\"og:type\" content=\"article\" \/>\n<meta property=\"og:title\" content=\"Ley de medidas para reforzar la protecci\u00f3n a deudores | P\u00e9rez de Vargas\" \/>\n<meta property=\"og:description\" content=\"Es innegable el impacto que la Sentencia del Tribunal de Justicia de la Uni\u00f3n Europea de 14 de marzo de 2.013 ha provocado en el \u00e1mbito de las ejecuciones\" \/>\n<meta property=\"og:url\" content=\"https:\/\/perezdevargas.es\/es\/blog\/jornada-ley-medidas-reforzar-proteccion-deudores-hipotecarios\/\" \/>\n<meta property=\"og:site_name\" content=\"P\u00e9rez de Vargas\" \/>\n<meta property=\"article:publisher\" content=\"https:\/\/www.facebook.com\/perezdevargasabogados\/\" \/>\n<meta property=\"article:published_time\" content=\"2013-05-31T00:00:00+00:00\" \/>\n<meta property=\"article:modified_time\" content=\"2022-02-25T17:13:55+00:00\" \/>\n<meta property=\"og:image\" content=\"https:\/\/perezdevargas.es\/wp-content\/uploads\/2013\/05\/medidasprotecci_137164574211.jpg\" \/>\n\t<meta property=\"og:image:width\" content=\"530\" \/>\n\t<meta property=\"og:image:height\" content=\"397\" \/>\n\t<meta property=\"og:image:type\" content=\"image\/jpeg\" \/>\n<meta name=\"author\" content=\"Ignacio Perez De Vargas L\u00f3pez\" \/>\n<meta name=\"twitter:card\" content=\"summary_large_image\" \/>\n<meta name=\"twitter:label1\" content=\"Escrito por\" \/>\n\t<meta name=\"twitter:data1\" content=\"Ignacio Perez De Vargas L\u00f3pez\" \/>\n\t<meta name=\"twitter:label2\" content=\"Tiempo de lectura\" \/>\n\t<meta name=\"twitter:data2\" content=\"2 minutos\" \/>\n<script type=\"application\/ld+json\" class=\"yoast-schema-graph\">{\"@context\":\"https:\\\/\\\/schema.org\",\"@graph\":[{\"@type\":\"Article\",\"@id\":\"https:\\\/\\\/perezdevargas.es\\\/es\\\/blog\\\/jornada-ley-medidas-reforzar-proteccion-deudores-hipotecarios\\\/#article\",\"isPartOf\":{\"@id\":\"https:\\\/\\\/perezdevargas.es\\\/es\\\/blog\\\/jornada-ley-medidas-reforzar-proteccion-deudores-hipotecarios\\\/\"},\"author\":{\"name\":\"Ignacio Perez De Vargas L\u00f3pez\",\"@id\":\"https:\\\/\\\/perezdevargas.es\\\/es\\\/#\\\/schema\\\/person\\\/611211dbdb6053735477d8cfeb31aecb\"},\"headline\":\"Jornada sobre \u00abLey de medidas para reforzar la protecci\u00f3n a los deudores hipotecarios, reestructuraci\u00f3n de deuda y alquiler social\u00bb\",\"datePublished\":\"2013-05-31T00:00:00+00:00\",\"dateModified\":\"2022-02-25T17:13:55+00:00\",\"mainEntityOfPage\":{\"@id\":\"https:\\\/\\\/perezdevargas.es\\\/es\\\/blog\\\/jornada-ley-medidas-reforzar-proteccion-deudores-hipotecarios\\\/\"},\"wordCount\":334,\"commentCount\":0,\"publisher\":{\"@id\":\"https:\\\/\\\/perezdevargas.es\\\/es\\\/#organization\"},\"image\":{\"@id\":\"https:\\\/\\\/perezdevargas.es\\\/es\\\/blog\\\/jornada-ley-medidas-reforzar-proteccion-deudores-hipotecarios\\\/#primaryimage\"},\"thumbnailUrl\":\"https:\\\/\\\/perezdevargas.es\\\/wp-content\\\/uploads\\\/2013\\\/05\\\/medidasprotecci_137164574211.jpg\",\"keywords\":[\"derecho bancario\",\"deudores\",\"hipotecarios\",\"jornadas\",\"reforzar\"],\"articleSection\":[\"Eventos\"],\"inLanguage\":\"es\",\"potentialAction\":[{\"@type\":\"CommentAction\",\"name\":\"Comment\",\"target\":[\"https:\\\/\\\/perezdevargas.es\\\/es\\\/blog\\\/jornada-ley-medidas-reforzar-proteccion-deudores-hipotecarios\\\/#respond\"]}]},{\"@type\":\"WebPage\",\"@id\":\"https:\\\/\\\/perezdevargas.es\\\/es\\\/blog\\\/jornada-ley-medidas-reforzar-proteccion-deudores-hipotecarios\\\/\",\"url\":\"https:\\\/\\\/perezdevargas.es\\\/es\\\/blog\\\/jornada-ley-medidas-reforzar-proteccion-deudores-hipotecarios\\\/\",\"name\":\"Ley de medidas para reforzar la protecci\u00f3n a deudores | P\u00e9rez de Vargas\",\"isPartOf\":{\"@id\":\"https:\\\/\\\/perezdevargas.es\\\/es\\\/#website\"},\"primaryImageOfPage\":{\"@id\":\"https:\\\/\\\/perezdevargas.es\\\/es\\\/blog\\\/jornada-ley-medidas-reforzar-proteccion-deudores-hipotecarios\\\/#primaryimage\"},\"image\":{\"@id\":\"https:\\\/\\\/perezdevargas.es\\\/es\\\/blog\\\/jornada-ley-medidas-reforzar-proteccion-deudores-hipotecarios\\\/#primaryimage\"},\"thumbnailUrl\":\"https:\\\/\\\/perezdevargas.es\\\/wp-content\\\/uploads\\\/2013\\\/05\\\/medidasprotecci_137164574211.jpg\",\"datePublished\":\"2013-05-31T00:00:00+00:00\",\"dateModified\":\"2022-02-25T17:13:55+00:00\",\"description\":\"Es innegable el impacto que la Sentencia del Tribunal de Justicia de la Uni\u00f3n Europea de 14 de marzo de 2.013 ha provocado en el \u00e1mbito de las ejecuciones\",\"breadcrumb\":{\"@id\":\"https:\\\/\\\/perezdevargas.es\\\/es\\\/blog\\\/jornada-ley-medidas-reforzar-proteccion-deudores-hipotecarios\\\/#breadcrumb\"},\"inLanguage\":\"es\",\"potentialAction\":[{\"@type\":\"ReadAction\",\"target\":[\"https:\\\/\\\/perezdevargas.es\\\/es\\\/blog\\\/jornada-ley-medidas-reforzar-proteccion-deudores-hipotecarios\\\/\"]}]},{\"@type\":\"ImageObject\",\"inLanguage\":\"es\",\"@id\":\"https:\\\/\\\/perezdevargas.es\\\/es\\\/blog\\\/jornada-ley-medidas-reforzar-proteccion-deudores-hipotecarios\\\/#primaryimage\",\"url\":\"https:\\\/\\\/perezdevargas.es\\\/wp-content\\\/uploads\\\/2013\\\/05\\\/medidasprotecci_137164574211.jpg\",\"contentUrl\":\"https:\\\/\\\/perezdevargas.es\\\/wp-content\\\/uploads\\\/2013\\\/05\\\/medidasprotecci_137164574211.jpg\",\"width\":530,\"height\":397},{\"@type\":\"BreadcrumbList\",\"@id\":\"https:\\\/\\\/perezdevargas.es\\\/es\\\/blog\\\/jornada-ley-medidas-reforzar-proteccion-deudores-hipotecarios\\\/#breadcrumb\",\"itemListElement\":[{\"@type\":\"ListItem\",\"position\":1,\"name\":\"Portada\",\"item\":\"https:\\\/\\\/perezdevargas.es\\\/es\\\/\"},{\"@type\":\"ListItem\",\"position\":2,\"name\":\"Jornada sobre \u00abLey de medidas para reforzar la protecci\u00f3n a los deudores hipotecarios, reestructuraci\u00f3n de deuda y alquiler social\u00bb\"}]},{\"@type\":\"WebSite\",\"@id\":\"https:\\\/\\\/perezdevargas.es\\\/es\\\/#website\",\"url\":\"https:\\\/\\\/perezdevargas.es\\\/es\\\/\",\"name\":\"P\u00e9rez de Vargas\",\"description\":\"\",\"publisher\":{\"@id\":\"https:\\\/\\\/perezdevargas.es\\\/es\\\/#organization\"},\"potentialAction\":[{\"@type\":\"SearchAction\",\"target\":{\"@type\":\"EntryPoint\",\"urlTemplate\":\"https:\\\/\\\/perezdevargas.es\\\/es\\\/?s={search_term_string}\"},\"query-input\":{\"@type\":\"PropertyValueSpecification\",\"valueRequired\":true,\"valueName\":\"search_term_string\"}}],\"inLanguage\":\"es\"},{\"@type\":\"Organization\",\"@id\":\"https:\\\/\\\/perezdevargas.es\\\/es\\\/#organization\",\"name\":\"P\u00e9rez de Vargas\",\"url\":\"https:\\\/\\\/perezdevargas.es\\\/es\\\/\",\"logo\":{\"@type\":\"ImageObject\",\"inLanguage\":\"es\",\"@id\":\"https:\\\/\\\/perezdevargas.es\\\/es\\\/#\\\/schema\\\/logo\\\/image\\\/\",\"url\":\"https:\\\/\\\/perezdevargas.es\\\/wp-content\\\/uploads\\\/2025\\\/04\\\/Diseno-sin-titulo-91-1.jpg\",\"contentUrl\":\"https:\\\/\\\/perezdevargas.es\\\/wp-content\\\/uploads\\\/2025\\\/04\\\/Diseno-sin-titulo-91-1.jpg\",\"width\":500,\"height\":500,\"caption\":\"P\u00e9rez de Vargas\"},\"image\":{\"@id\":\"https:\\\/\\\/perezdevargas.es\\\/es\\\/#\\\/schema\\\/logo\\\/image\\\/\"},\"sameAs\":[\"https:\\\/\\\/www.facebook.com\\\/perezdevargasabogados\\\/\",\"https:\\\/\\\/www.instagram.com\\\/perezdevargasabogados\\\/\"]},{\"@type\":\"Person\",\"@id\":\"https:\\\/\\\/perezdevargas.es\\\/es\\\/#\\\/schema\\\/person\\\/611211dbdb6053735477d8cfeb31aecb\",\"name\":\"Ignacio Perez De Vargas L\u00f3pez\",\"image\":{\"@type\":\"ImageObject\",\"inLanguage\":\"es\",\"@id\":\"https:\\\/\\\/secure.gravatar.com\\\/avatar\\\/c3ebf1e9e35622537b1d774444fae42143f87ef9d1f06ea53c631f3a29b19019?s=96&d=mm&r=g\",\"url\":\"https:\\\/\\\/secure.gravatar.com\\\/avatar\\\/c3ebf1e9e35622537b1d774444fae42143f87ef9d1f06ea53c631f3a29b19019?s=96&d=mm&r=g\",\"contentUrl\":\"https:\\\/\\\/secure.gravatar.com\\\/avatar\\\/c3ebf1e9e35622537b1d774444fae42143f87ef9d1f06ea53c631f3a29b19019?s=96&d=mm&r=g\",\"caption\":\"Ignacio Perez De Vargas L\u00f3pez\"}}]}<\/script>\n<!-- \/ Yoast SEO plugin. -->","yoast_head_json":{"title":"Ley de medidas para reforzar la protecci\u00f3n a deudores | P\u00e9rez de Vargas","description":"Es innegable el impacto que la Sentencia del Tribunal de Justicia de la Uni\u00f3n Europea de 14 de marzo de 2.013 ha provocado en el \u00e1mbito de las ejecuciones","robots":{"index":"index","follow":"follow","max-snippet":"max-snippet:-1","max-image-preview":"max-image-preview:large","max-video-preview":"max-video-preview:-1"},"canonical":"https:\/\/perezdevargas.es\/es\/blog\/jornada-ley-medidas-reforzar-proteccion-deudores-hipotecarios\/","og_locale":"es_ES","og_type":"article","og_title":"Ley de medidas para reforzar la protecci\u00f3n a deudores | P\u00e9rez de Vargas","og_description":"Es innegable el impacto que la Sentencia del Tribunal de Justicia de la Uni\u00f3n Europea de 14 de marzo de 2.013 ha provocado en el \u00e1mbito de las ejecuciones","og_url":"https:\/\/perezdevargas.es\/es\/blog\/jornada-ley-medidas-reforzar-proteccion-deudores-hipotecarios\/","og_site_name":"P\u00e9rez de Vargas","article_publisher":"https:\/\/www.facebook.com\/perezdevargasabogados\/","article_published_time":"2013-05-31T00:00:00+00:00","article_modified_time":"2022-02-25T17:13:55+00:00","og_image":[{"width":530,"height":397,"url":"https:\/\/perezdevargas.es\/wp-content\/uploads\/2013\/05\/medidasprotecci_137164574211.jpg","type":"image\/jpeg"}],"author":"Ignacio Perez De Vargas L\u00f3pez","twitter_card":"summary_large_image","twitter_misc":{"Escrito por":"Ignacio Perez De Vargas L\u00f3pez","Tiempo de lectura":"2 minutos"},"schema":{"@context":"https:\/\/schema.org","@graph":[{"@type":"Article","@id":"https:\/\/perezdevargas.es\/es\/blog\/jornada-ley-medidas-reforzar-proteccion-deudores-hipotecarios\/#article","isPartOf":{"@id":"https:\/\/perezdevargas.es\/es\/blog\/jornada-ley-medidas-reforzar-proteccion-deudores-hipotecarios\/"},"author":{"name":"Ignacio Perez De Vargas L\u00f3pez","@id":"https:\/\/perezdevargas.es\/es\/#\/schema\/person\/611211dbdb6053735477d8cfeb31aecb"},"headline":"Jornada sobre \u00abLey de medidas para reforzar la protecci\u00f3n a los deudores hipotecarios, reestructuraci\u00f3n de deuda y alquiler social\u00bb","datePublished":"2013-05-31T00:00:00+00:00","dateModified":"2022-02-25T17:13:55+00:00","mainEntityOfPage":{"@id":"https:\/\/perezdevargas.es\/es\/blog\/jornada-ley-medidas-reforzar-proteccion-deudores-hipotecarios\/"},"wordCount":334,"commentCount":0,"publisher":{"@id":"https:\/\/perezdevargas.es\/es\/#organization"},"image":{"@id":"https:\/\/perezdevargas.es\/es\/blog\/jornada-ley-medidas-reforzar-proteccion-deudores-hipotecarios\/#primaryimage"},"thumbnailUrl":"https:\/\/perezdevargas.es\/wp-content\/uploads\/2013\/05\/medidasprotecci_137164574211.jpg","keywords":["derecho bancario","deudores","hipotecarios","jornadas","reforzar"],"articleSection":["Eventos"],"inLanguage":"es","potentialAction":[{"@type":"CommentAction","name":"Comment","target":["https:\/\/perezdevargas.es\/es\/blog\/jornada-ley-medidas-reforzar-proteccion-deudores-hipotecarios\/#respond"]}]},{"@type":"WebPage","@id":"https:\/\/perezdevargas.es\/es\/blog\/jornada-ley-medidas-reforzar-proteccion-deudores-hipotecarios\/","url":"https:\/\/perezdevargas.es\/es\/blog\/jornada-ley-medidas-reforzar-proteccion-deudores-hipotecarios\/","name":"Ley de medidas para reforzar la protecci\u00f3n a deudores | P\u00e9rez de Vargas","isPartOf":{"@id":"https:\/\/perezdevargas.es\/es\/#website"},"primaryImageOfPage":{"@id":"https:\/\/perezdevargas.es\/es\/blog\/jornada-ley-medidas-reforzar-proteccion-deudores-hipotecarios\/#primaryimage"},"image":{"@id":"https:\/\/perezdevargas.es\/es\/blog\/jornada-ley-medidas-reforzar-proteccion-deudores-hipotecarios\/#primaryimage"},"thumbnailUrl":"https:\/\/perezdevargas.es\/wp-content\/uploads\/2013\/05\/medidasprotecci_137164574211.jpg","datePublished":"2013-05-31T00:00:00+00:00","dateModified":"2022-02-25T17:13:55+00:00","description":"Es innegable el impacto que la Sentencia del Tribunal de Justicia de la Uni\u00f3n Europea de 14 de marzo de 2.013 ha provocado en el \u00e1mbito de las ejecuciones","breadcrumb":{"@id":"https:\/\/perezdevargas.es\/es\/blog\/jornada-ley-medidas-reforzar-proteccion-deudores-hipotecarios\/#breadcrumb"},"inLanguage":"es","potentialAction":[{"@type":"ReadAction","target":["https:\/\/perezdevargas.es\/es\/blog\/jornada-ley-medidas-reforzar-proteccion-deudores-hipotecarios\/"]}]},{"@type":"ImageObject","inLanguage":"es","@id":"https:\/\/perezdevargas.es\/es\/blog\/jornada-ley-medidas-reforzar-proteccion-deudores-hipotecarios\/#primaryimage","url":"https:\/\/perezdevargas.es\/wp-content\/uploads\/2013\/05\/medidasprotecci_137164574211.jpg","contentUrl":"https:\/\/perezdevargas.es\/wp-content\/uploads\/2013\/05\/medidasprotecci_137164574211.jpg","width":530,"height":397},{"@type":"BreadcrumbList","@id":"https:\/\/perezdevargas.es\/es\/blog\/jornada-ley-medidas-reforzar-proteccion-deudores-hipotecarios\/#breadcrumb","itemListElement":[{"@type":"ListItem","position":1,"name":"Portada","item":"https:\/\/perezdevargas.es\/es\/"},{"@type":"ListItem","position":2,"name":"Jornada sobre \u00abLey de medidas para reforzar la protecci\u00f3n a los deudores hipotecarios, reestructuraci\u00f3n de deuda y alquiler social\u00bb"}]},{"@type":"WebSite","@id":"https:\/\/perezdevargas.es\/es\/#website","url":"https:\/\/perezdevargas.es\/es\/","name":"P\u00e9rez de Vargas","description":"","publisher":{"@id":"https:\/\/perezdevargas.es\/es\/#organization"},"potentialAction":[{"@type":"SearchAction","target":{"@type":"EntryPoint","urlTemplate":"https:\/\/perezdevargas.es\/es\/?s={search_term_string}"},"query-input":{"@type":"PropertyValueSpecification","valueRequired":true,"valueName":"search_term_string"}}],"inLanguage":"es"},{"@type":"Organization","@id":"https:\/\/perezdevargas.es\/es\/#organization","name":"P\u00e9rez de Vargas","url":"https:\/\/perezdevargas.es\/es\/","logo":{"@type":"ImageObject","inLanguage":"es","@id":"https:\/\/perezdevargas.es\/es\/#\/schema\/logo\/image\/","url":"https:\/\/perezdevargas.es\/wp-content\/uploads\/2025\/04\/Diseno-sin-titulo-91-1.jpg","contentUrl":"https:\/\/perezdevargas.es\/wp-content\/uploads\/2025\/04\/Diseno-sin-titulo-91-1.jpg","width":500,"height":500,"caption":"P\u00e9rez de Vargas"},"image":{"@id":"https:\/\/perezdevargas.es\/es\/#\/schema\/logo\/image\/"},"sameAs":["https:\/\/www.facebook.com\/perezdevargasabogados\/","https:\/\/www.instagram.com\/perezdevargasabogados\/"]},{"@type":"Person","@id":"https:\/\/perezdevargas.es\/es\/#\/schema\/person\/611211dbdb6053735477d8cfeb31aecb","name":"Ignacio Perez De Vargas L\u00f3pez","image":{"@type":"ImageObject","inLanguage":"es","@id":"https:\/\/secure.gravatar.com\/avatar\/c3ebf1e9e35622537b1d774444fae42143f87ef9d1f06ea53c631f3a29b19019?s=96&d=mm&r=g","url":"https:\/\/secure.gravatar.com\/avatar\/c3ebf1e9e35622537b1d774444fae42143f87ef9d1f06ea53c631f3a29b19019?s=96&d=mm&r=g","contentUrl":"https:\/\/secure.gravatar.com\/avatar\/c3ebf1e9e35622537b1d774444fae42143f87ef9d1f06ea53c631f3a29b19019?s=96&d=mm&r=g","caption":"Ignacio Perez De Vargas L\u00f3pez"}}]}},"_links":{"self":[{"href":"https:\/\/perezdevargas.es\/es\/wp-json\/wp\/v2\/posts\/633","targetHints":{"allow":["GET"]}}],"collection":[{"href":"https:\/\/perezdevargas.es\/es\/wp-json\/wp\/v2\/posts"}],"about":[{"href":"https:\/\/perezdevargas.es\/es\/wp-json\/wp\/v2\/types\/post"}],"author":[{"embeddable":true,"href":"https:\/\/perezdevargas.es\/es\/wp-json\/wp\/v2\/users\/16"}],"replies":[{"embeddable":true,"href":"https:\/\/perezdevargas.es\/es\/wp-json\/wp\/v2\/comments?post=633"}],"version-history":[{"count":3,"href":"https:\/\/perezdevargas.es\/es\/wp-json\/wp\/v2\/posts\/633\/revisions"}],"predecessor-version":[{"id":2357,"href":"https:\/\/perezdevargas.es\/es\/wp-json\/wp\/v2\/posts\/633\/revisions\/2357"}],"wp:featuredmedia":[{"embeddable":true,"href":"https:\/\/perezdevargas.es\/es\/wp-json\/wp\/v2\/media\/1284"}],"wp:attachment":[{"href":"https:\/\/perezdevargas.es\/es\/wp-json\/wp\/v2\/media?parent=633"}],"wp:term":[{"taxonomy":"category","embeddable":true,"href":"https:\/\/perezdevargas.es\/es\/wp-json\/wp\/v2\/categories?post=633"},{"taxonomy":"post_tag","embeddable":true,"href":"https:\/\/perezdevargas.es\/es\/wp-json\/wp\/v2\/tags?post=633"}],"curies":[{"name":"wp","href":"https:\/\/api.w.org\/{rel}","templated":true}]}}