{"id":653,"date":"2013-03-06T00:00:00","date_gmt":"2013-03-06T00:00:00","guid":{"rendered":"http:\/\/public.kiboserver.com\/perezdevargas\/plazo-limite-para-el-pago-del-impuesto-sobre-el-patrimonio\/"},"modified":"2019-05-30T15:29:47","modified_gmt":"2019-05-30T15:29:47","slug":"plazo-pago-impuesto-patrimonio","status":"publish","type":"post","link":"https:\/\/perezdevargas.es\/es\/blog\/plazo-pago-impuesto-patrimonio\/","title":{"rendered":"Plazo l\u00edmite para el pago del impuesto sobre el patrimonio"},"content":{"rendered":"<p>En el art\u00edculo publicado en nuestra p\u00e1gina web en octubre de 2011\u00a0\u00a0informamos sobre la aprobaci\u00f3n del <a title=\"Real Decreto 13\/2011\" href=\"https:\/\/www.boe.es\/boe\/dias\/2011\/09\/17\/pdfs\/BOE-A-2011-14809.pdf\" target=\"_blank\" rel=\"noopener noreferrer\">Real Decreto 13\/2011<\/a> que restableci\u00f3 temporalmente el <strong>Impuesto sobre el Patrimonio<\/strong> para los ejercicios 2011 y 2012.<\/p>\n<p>A trav\u00e9s del presente informe nos gustar\u00eda recordar que faltan tan s\u00f3lo 4 meses para la presentaci\u00f3n de la declaraci\u00f3n y pago del impuesto correspondiente al ejercicio 2012, ya que la<strong> fecha l\u00edmite para su ingreso es 30 de junio de 2013. <\/strong><\/p>\n<p>Les recordamos que el Impuesto sobre el Patrimonio es un impuesto directo que grava el patrimonio neto de las personas f\u00edsicas tanto residentes como no (excluy\u00e9ndose del citado impuesto las personas jur\u00eddicas).<\/p>\n<p>Para calcular el patrimonio neto se suman todos los bienes y derechos de contenido econ\u00f3mico, deduciendo cargas, grav\u00e1menes, deudas y obligaciones familiares. A la base imponible calculada de este modo se aplica una exenci\u00f3n de 700.000 \u20ac. Ello significa que en la pr\u00e1ctica <strong>s\u00f3lo tengan que pagar este impuesto de manera efectiva todos aquellos contribuyentes que acumulen un patrimonio superior a 700.000 \u20ac<\/strong> como personas f\u00edsicas.<\/p>\n<p>Tambi\u00e9n existe una reducci\u00f3n de 300. 000 \u20ac del valor de la vivienda habitual.<\/p>\n<p>En cuanto al tipo impositivo del impuesto, se trata de un impuesto progresivo, por lo que el tipo aumentar\u00e1 en funci\u00f3n del aumento de la base liquidable, a la que se restaran previamente los citados 700.000 \u20ac.<\/p>\n<p>En lo que se refiere a la fecha del devengo y plazo para efectuar el pago, como ya hemos manifestado anteriormente, es un <strong>impuesto<\/strong> restablecido para los a\u00f1os 2011 y 2012, salvo cambios futuros en las normas fiscales, y se devenga el 31 de diciembre de 2011 y 31 de diciembre de 2012 (es decir para calcular el impuesto se toma como referencia el patrimonio neto del que sea titular el contribuyente a fecha de 31 de diciembre). Para el pago del citado impuesto es necesario presentar telem\u00e1ticamente la declaraci\u00f3n correspondiente, efectuando el pago de la cuota. El plazo que establece ley para ello es de 6 meses siguientes a la fecha del devengo, es decir hasta el\u00a0 30 de junio de 2012 (para el patrimonio devengado en el a\u00f1o 2011) y <strong>hasta 30 de junio de 2013 (para su patrimonio en 2012). <\/strong><\/p>\n<p>En Marbella, a 6 de marzo de 2013.<\/p>\n<p>&nbsp;<\/p>\n<p>P\u00e9rez de Vargas Abogados<\/p>\n","protected":false},"excerpt":{"rendered":"<p>En el art\u00edculo publicado en nuestra p\u00e1gina web en octubre de 2011\u00a0\u00a0informamos sobre la aprobaci\u00f3n del Real Decreto 13\/2011 que [&hellip;]<\/p>\n","protected":false},"author":15,"featured_media":1292,"comment_status":"open","ping_status":"open","sticky":false,"template":"","format":"standard","meta":{"site-sidebar-layout":"default","site-content-layout":"","ast-site-content-layout":"default","site-content-style":"default","site-sidebar-style":"default","ast-global-header-display":"","ast-banner-title-visibility":"","ast-main-header-display":"","ast-hfb-above-header-display":"","ast-hfb-below-header-display":"","ast-hfb-mobile-header-display":"","site-post-title":"","ast-breadcrumbs-content":"","ast-featured-img":"","footer-sml-layout":"","ast-disable-related-posts":"","theme-transparent-header-meta":"","adv-header-id-meta":"","stick-header-meta":"","header-above-stick-meta":"","header-main-stick-meta":"","header-below-stick-meta":"","astra-migrate-meta-layouts":"default","ast-page-background-enabled":"default","ast-page-background-meta":{"desktop":{"background-color":"var(--ast-global-color-4)","background-image":"","background-repeat":"repeat","background-position":"center center","background-size":"auto","background-attachment":"scroll","background-type":"","background-media":"","overlay-type":"","overlay-color":"","overlay-opacity":"","overlay-gradient":""},"tablet":{"background-color":"","background-image":"","background-repeat":"repeat","background-position":"center center","background-size":"auto","background-attachment":"scroll","background-type":"","background-media":"","overlay-type":"","overlay-color":"","overlay-opacity":"","overlay-gradient":""},"mobile":{"background-color":"","background-image":"","background-repeat":"repeat","background-position":"center center","background-size":"auto","background-attachment":"scroll","background-type":"","background-media":"","overlay-type":"","overlay-color":"","overlay-opacity":"","overlay-gradient":""}},"ast-content-background-meta":{"desktop":{"background-color":"var(--ast-global-color-5)","background-image":"","background-repeat":"repeat","background-position":"center center","background-size":"auto","background-attachment":"scroll","background-type":"","background-media":"","overlay-type":"","overlay-color":"","overlay-opacity":"","overlay-gradient":""},"tablet":{"background-color":"var(--ast-global-color-5)","background-image":"","background-repeat":"repeat","background-position":"center center","background-size":"auto","background-attachment":"scroll","background-type":"","background-media":"","overlay-type":"","overlay-color":"","overlay-opacity":"","overlay-gradient":""},"mobile":{"background-color":"var(--ast-global-color-5)","background-image":"","background-repeat":"repeat","background-position":"center center","background-size":"auto","background-attachment":"scroll","background-type":"","background-media":"","overlay-type":"","overlay-color":"","overlay-opacity":"","overlay-gradient":""}},"footnotes":""},"categories":[6],"tags":[47,86,87],"class_list":["post-653","post","type-post","status-publish","format-standard","has-post-thumbnail","hentry","category-ultimas-noticias","tag-fiscal","tag-impuesto-sobre-el-patrimonio","tag-patrimonio"],"yoast_head":"<!-- This site is optimized with the Yoast SEO plugin v27.4 - https:\/\/yoast.com\/product\/yoast-seo-wordpress\/ -->\n<title>Plazo l\u00edmite para pagar impuesto patrimonio | P\u00e9rez de Vargas<\/title>\n<meta name=\"description\" content=\"En el art\u00edculo publicado en nuestra p\u00e1gina web en octubre de 2011\u00a0\u00a0informamos sobre la aprobaci\u00f3n del Real Decreto 13\/2011 que restableci\u00f3 temporalmente\" \/>\n<meta name=\"robots\" content=\"index, follow, max-snippet:-1, max-image-preview:large, max-video-preview:-1\" \/>\n<link rel=\"canonical\" href=\"https:\/\/perezdevargas.es\/es\/blog\/plazo-pago-impuesto-patrimonio\/\" \/>\n<meta property=\"og:locale\" content=\"es_ES\" \/>\n<meta property=\"og:type\" content=\"article\" \/>\n<meta property=\"og:title\" content=\"Plazo l\u00edmite para pagar impuesto patrimonio | P\u00e9rez de Vargas\" \/>\n<meta property=\"og:description\" content=\"En el art\u00edculo publicado en nuestra p\u00e1gina web en octubre de 2011\u00a0\u00a0informamos sobre la aprobaci\u00f3n del Real Decreto 13\/2011 que restableci\u00f3 temporalmente\" \/>\n<meta property=\"og:url\" content=\"https:\/\/perezdevargas.es\/es\/blog\/plazo-pago-impuesto-patrimonio\/\" \/>\n<meta property=\"og:site_name\" content=\"P\u00e9rez de Vargas\" \/>\n<meta property=\"article:publisher\" content=\"https:\/\/www.facebook.com\/perezdevargasabogados\/\" \/>\n<meta property=\"article:published_time\" content=\"2013-03-06T00:00:00+00:00\" \/>\n<meta property=\"article:modified_time\" content=\"2019-05-30T15:29:47+00:00\" \/>\n<meta property=\"og:image\" content=\"https:\/\/perezdevargas.es\/wp-content\/uploads\/2013\/03\/plazo-limite.jpg\" \/>\n\t<meta property=\"og:image:width\" content=\"400\" \/>\n\t<meta property=\"og:image:height\" content=\"400\" \/>\n\t<meta property=\"og:image:type\" content=\"image\/jpeg\" \/>\n<meta name=\"author\" content=\"Borja Rond\u00e1n Escorial\" \/>\n<meta name=\"twitter:card\" content=\"summary_large_image\" \/>\n<meta name=\"twitter:label1\" content=\"Escrito por\" \/>\n\t<meta name=\"twitter:data1\" content=\"Borja Rond\u00e1n Escorial\" \/>\n\t<meta name=\"twitter:label2\" content=\"Tiempo de lectura\" \/>\n\t<meta name=\"twitter:data2\" content=\"2 minutos\" \/>\n<script type=\"application\/ld+json\" class=\"yoast-schema-graph\">{\"@context\":\"https:\\\/\\\/schema.org\",\"@graph\":[{\"@type\":\"Article\",\"@id\":\"https:\\\/\\\/perezdevargas.es\\\/es\\\/blog\\\/plazo-pago-impuesto-patrimonio\\\/#article\",\"isPartOf\":{\"@id\":\"https:\\\/\\\/perezdevargas.es\\\/es\\\/blog\\\/plazo-pago-impuesto-patrimonio\\\/\"},\"author\":{\"name\":\"Borja Rond\u00e1n Escorial\",\"@id\":\"https:\\\/\\\/perezdevargas.es\\\/es\\\/#\\\/schema\\\/person\\\/287db7848e4e5e1109d1dea667558726\"},\"headline\":\"Plazo l\u00edmite para el pago del impuesto sobre el patrimonio\",\"datePublished\":\"2013-03-06T00:00:00+00:00\",\"dateModified\":\"2019-05-30T15:29:47+00:00\",\"mainEntityOfPage\":{\"@id\":\"https:\\\/\\\/perezdevargas.es\\\/es\\\/blog\\\/plazo-pago-impuesto-patrimonio\\\/\"},\"wordCount\":385,\"commentCount\":0,\"publisher\":{\"@id\":\"https:\\\/\\\/perezdevargas.es\\\/es\\\/#organization\"},\"image\":{\"@id\":\"https:\\\/\\\/perezdevargas.es\\\/es\\\/blog\\\/plazo-pago-impuesto-patrimonio\\\/#primaryimage\"},\"thumbnailUrl\":\"https:\\\/\\\/perezdevargas.es\\\/wp-content\\\/uploads\\\/2013\\\/03\\\/plazo-limite.jpg\",\"keywords\":[\"fiscal\",\"impuesto sobre el patrimonio\",\"patrimonio\"],\"articleSection\":[\"\u00daltimas noticias\"],\"inLanguage\":\"es\",\"potentialAction\":[{\"@type\":\"CommentAction\",\"name\":\"Comment\",\"target\":[\"https:\\\/\\\/perezdevargas.es\\\/es\\\/blog\\\/plazo-pago-impuesto-patrimonio\\\/#respond\"]}]},{\"@type\":\"WebPage\",\"@id\":\"https:\\\/\\\/perezdevargas.es\\\/es\\\/blog\\\/plazo-pago-impuesto-patrimonio\\\/\",\"url\":\"https:\\\/\\\/perezdevargas.es\\\/es\\\/blog\\\/plazo-pago-impuesto-patrimonio\\\/\",\"name\":\"Plazo l\u00edmite para pagar impuesto patrimonio | P\u00e9rez de Vargas\",\"isPartOf\":{\"@id\":\"https:\\\/\\\/perezdevargas.es\\\/es\\\/#website\"},\"primaryImageOfPage\":{\"@id\":\"https:\\\/\\\/perezdevargas.es\\\/es\\\/blog\\\/plazo-pago-impuesto-patrimonio\\\/#primaryimage\"},\"image\":{\"@id\":\"https:\\\/\\\/perezdevargas.es\\\/es\\\/blog\\\/plazo-pago-impuesto-patrimonio\\\/#primaryimage\"},\"thumbnailUrl\":\"https:\\\/\\\/perezdevargas.es\\\/wp-content\\\/uploads\\\/2013\\\/03\\\/plazo-limite.jpg\",\"datePublished\":\"2013-03-06T00:00:00+00:00\",\"dateModified\":\"2019-05-30T15:29:47+00:00\",\"description\":\"En el art\u00edculo publicado en nuestra p\u00e1gina web en octubre de 2011\u00a0\u00a0informamos sobre la aprobaci\u00f3n del Real Decreto 13\\\/2011 que restableci\u00f3 temporalmente\",\"breadcrumb\":{\"@id\":\"https:\\\/\\\/perezdevargas.es\\\/es\\\/blog\\\/plazo-pago-impuesto-patrimonio\\\/#breadcrumb\"},\"inLanguage\":\"es\",\"potentialAction\":[{\"@type\":\"ReadAction\",\"target\":[\"https:\\\/\\\/perezdevargas.es\\\/es\\\/blog\\\/plazo-pago-impuesto-patrimonio\\\/\"]}]},{\"@type\":\"ImageObject\",\"inLanguage\":\"es\",\"@id\":\"https:\\\/\\\/perezdevargas.es\\\/es\\\/blog\\\/plazo-pago-impuesto-patrimonio\\\/#primaryimage\",\"url\":\"https:\\\/\\\/perezdevargas.es\\\/wp-content\\\/uploads\\\/2013\\\/03\\\/plazo-limite.jpg\",\"contentUrl\":\"https:\\\/\\\/perezdevargas.es\\\/wp-content\\\/uploads\\\/2013\\\/03\\\/plazo-limite.jpg\",\"width\":400,\"height\":400},{\"@type\":\"BreadcrumbList\",\"@id\":\"https:\\\/\\\/perezdevargas.es\\\/es\\\/blog\\\/plazo-pago-impuesto-patrimonio\\\/#breadcrumb\",\"itemListElement\":[{\"@type\":\"ListItem\",\"position\":1,\"name\":\"Portada\",\"item\":\"https:\\\/\\\/perezdevargas.es\\\/es\\\/\"},{\"@type\":\"ListItem\",\"position\":2,\"name\":\"Plazo l\u00edmite para el pago del impuesto sobre el patrimonio\"}]},{\"@type\":\"WebSite\",\"@id\":\"https:\\\/\\\/perezdevargas.es\\\/es\\\/#website\",\"url\":\"https:\\\/\\\/perezdevargas.es\\\/es\\\/\",\"name\":\"P\u00e9rez de Vargas\",\"description\":\"\",\"publisher\":{\"@id\":\"https:\\\/\\\/perezdevargas.es\\\/es\\\/#organization\"},\"potentialAction\":[{\"@type\":\"SearchAction\",\"target\":{\"@type\":\"EntryPoint\",\"urlTemplate\":\"https:\\\/\\\/perezdevargas.es\\\/es\\\/?s={search_term_string}\"},\"query-input\":{\"@type\":\"PropertyValueSpecification\",\"valueRequired\":true,\"valueName\":\"search_term_string\"}}],\"inLanguage\":\"es\"},{\"@type\":\"Organization\",\"@id\":\"https:\\\/\\\/perezdevargas.es\\\/es\\\/#organization\",\"name\":\"P\u00e9rez de Vargas\",\"url\":\"https:\\\/\\\/perezdevargas.es\\\/es\\\/\",\"logo\":{\"@type\":\"ImageObject\",\"inLanguage\":\"es\",\"@id\":\"https:\\\/\\\/perezdevargas.es\\\/es\\\/#\\\/schema\\\/logo\\\/image\\\/\",\"url\":\"https:\\\/\\\/perezdevargas.es\\\/wp-content\\\/uploads\\\/2025\\\/04\\\/Diseno-sin-titulo-91-1.jpg\",\"contentUrl\":\"https:\\\/\\\/perezdevargas.es\\\/wp-content\\\/uploads\\\/2025\\\/04\\\/Diseno-sin-titulo-91-1.jpg\",\"width\":500,\"height\":500,\"caption\":\"P\u00e9rez de Vargas\"},\"image\":{\"@id\":\"https:\\\/\\\/perezdevargas.es\\\/es\\\/#\\\/schema\\\/logo\\\/image\\\/\"},\"sameAs\":[\"https:\\\/\\\/www.facebook.com\\\/perezdevargasabogados\\\/\",\"https:\\\/\\\/www.instagram.com\\\/perezdevargasabogados\\\/\"]},{\"@type\":\"Person\",\"@id\":\"https:\\\/\\\/perezdevargas.es\\\/es\\\/#\\\/schema\\\/person\\\/287db7848e4e5e1109d1dea667558726\",\"name\":\"Borja Rond\u00e1n Escorial\",\"image\":{\"@type\":\"ImageObject\",\"inLanguage\":\"es\",\"@id\":\"https:\\\/\\\/secure.gravatar.com\\\/avatar\\\/fcff2d80b090050a7f494af6283a381082074e575e680308cebf3705ce608209?s=96&d=mm&r=g\",\"url\":\"https:\\\/\\\/secure.gravatar.com\\\/avatar\\\/fcff2d80b090050a7f494af6283a381082074e575e680308cebf3705ce608209?s=96&d=mm&r=g\",\"contentUrl\":\"https:\\\/\\\/secure.gravatar.com\\\/avatar\\\/fcff2d80b090050a7f494af6283a381082074e575e680308cebf3705ce608209?s=96&d=mm&r=g\",\"caption\":\"Borja Rond\u00e1n Escorial\"}}]}<\/script>\n<!-- \/ Yoast SEO plugin. -->","yoast_head_json":{"title":"Plazo l\u00edmite para pagar impuesto patrimonio | P\u00e9rez de Vargas","description":"En el art\u00edculo publicado en nuestra p\u00e1gina web en octubre de 2011\u00a0\u00a0informamos sobre la aprobaci\u00f3n del Real Decreto 13\/2011 que restableci\u00f3 temporalmente","robots":{"index":"index","follow":"follow","max-snippet":"max-snippet:-1","max-image-preview":"max-image-preview:large","max-video-preview":"max-video-preview:-1"},"canonical":"https:\/\/perezdevargas.es\/es\/blog\/plazo-pago-impuesto-patrimonio\/","og_locale":"es_ES","og_type":"article","og_title":"Plazo l\u00edmite para pagar impuesto patrimonio | P\u00e9rez de Vargas","og_description":"En el art\u00edculo publicado en nuestra p\u00e1gina web en octubre de 2011\u00a0\u00a0informamos sobre la aprobaci\u00f3n del Real Decreto 13\/2011 que restableci\u00f3 temporalmente","og_url":"https:\/\/perezdevargas.es\/es\/blog\/plazo-pago-impuesto-patrimonio\/","og_site_name":"P\u00e9rez de Vargas","article_publisher":"https:\/\/www.facebook.com\/perezdevargasabogados\/","article_published_time":"2013-03-06T00:00:00+00:00","article_modified_time":"2019-05-30T15:29:47+00:00","og_image":[{"width":400,"height":400,"url":"https:\/\/perezdevargas.es\/wp-content\/uploads\/2013\/03\/plazo-limite.jpg","type":"image\/jpeg"}],"author":"Borja Rond\u00e1n Escorial","twitter_card":"summary_large_image","twitter_misc":{"Escrito por":"Borja Rond\u00e1n Escorial","Tiempo de lectura":"2 minutos"},"schema":{"@context":"https:\/\/schema.org","@graph":[{"@type":"Article","@id":"https:\/\/perezdevargas.es\/es\/blog\/plazo-pago-impuesto-patrimonio\/#article","isPartOf":{"@id":"https:\/\/perezdevargas.es\/es\/blog\/plazo-pago-impuesto-patrimonio\/"},"author":{"name":"Borja Rond\u00e1n Escorial","@id":"https:\/\/perezdevargas.es\/es\/#\/schema\/person\/287db7848e4e5e1109d1dea667558726"},"headline":"Plazo l\u00edmite para el pago del impuesto sobre el patrimonio","datePublished":"2013-03-06T00:00:00+00:00","dateModified":"2019-05-30T15:29:47+00:00","mainEntityOfPage":{"@id":"https:\/\/perezdevargas.es\/es\/blog\/plazo-pago-impuesto-patrimonio\/"},"wordCount":385,"commentCount":0,"publisher":{"@id":"https:\/\/perezdevargas.es\/es\/#organization"},"image":{"@id":"https:\/\/perezdevargas.es\/es\/blog\/plazo-pago-impuesto-patrimonio\/#primaryimage"},"thumbnailUrl":"https:\/\/perezdevargas.es\/wp-content\/uploads\/2013\/03\/plazo-limite.jpg","keywords":["fiscal","impuesto sobre el patrimonio","patrimonio"],"articleSection":["\u00daltimas noticias"],"inLanguage":"es","potentialAction":[{"@type":"CommentAction","name":"Comment","target":["https:\/\/perezdevargas.es\/es\/blog\/plazo-pago-impuesto-patrimonio\/#respond"]}]},{"@type":"WebPage","@id":"https:\/\/perezdevargas.es\/es\/blog\/plazo-pago-impuesto-patrimonio\/","url":"https:\/\/perezdevargas.es\/es\/blog\/plazo-pago-impuesto-patrimonio\/","name":"Plazo l\u00edmite para pagar impuesto patrimonio | P\u00e9rez de Vargas","isPartOf":{"@id":"https:\/\/perezdevargas.es\/es\/#website"},"primaryImageOfPage":{"@id":"https:\/\/perezdevargas.es\/es\/blog\/plazo-pago-impuesto-patrimonio\/#primaryimage"},"image":{"@id":"https:\/\/perezdevargas.es\/es\/blog\/plazo-pago-impuesto-patrimonio\/#primaryimage"},"thumbnailUrl":"https:\/\/perezdevargas.es\/wp-content\/uploads\/2013\/03\/plazo-limite.jpg","datePublished":"2013-03-06T00:00:00+00:00","dateModified":"2019-05-30T15:29:47+00:00","description":"En el art\u00edculo publicado en nuestra p\u00e1gina web en octubre de 2011\u00a0\u00a0informamos sobre la aprobaci\u00f3n del Real Decreto 13\/2011 que restableci\u00f3 temporalmente","breadcrumb":{"@id":"https:\/\/perezdevargas.es\/es\/blog\/plazo-pago-impuesto-patrimonio\/#breadcrumb"},"inLanguage":"es","potentialAction":[{"@type":"ReadAction","target":["https:\/\/perezdevargas.es\/es\/blog\/plazo-pago-impuesto-patrimonio\/"]}]},{"@type":"ImageObject","inLanguage":"es","@id":"https:\/\/perezdevargas.es\/es\/blog\/plazo-pago-impuesto-patrimonio\/#primaryimage","url":"https:\/\/perezdevargas.es\/wp-content\/uploads\/2013\/03\/plazo-limite.jpg","contentUrl":"https:\/\/perezdevargas.es\/wp-content\/uploads\/2013\/03\/plazo-limite.jpg","width":400,"height":400},{"@type":"BreadcrumbList","@id":"https:\/\/perezdevargas.es\/es\/blog\/plazo-pago-impuesto-patrimonio\/#breadcrumb","itemListElement":[{"@type":"ListItem","position":1,"name":"Portada","item":"https:\/\/perezdevargas.es\/es\/"},{"@type":"ListItem","position":2,"name":"Plazo l\u00edmite para el pago del impuesto sobre el patrimonio"}]},{"@type":"WebSite","@id":"https:\/\/perezdevargas.es\/es\/#website","url":"https:\/\/perezdevargas.es\/es\/","name":"P\u00e9rez de Vargas","description":"","publisher":{"@id":"https:\/\/perezdevargas.es\/es\/#organization"},"potentialAction":[{"@type":"SearchAction","target":{"@type":"EntryPoint","urlTemplate":"https:\/\/perezdevargas.es\/es\/?s={search_term_string}"},"query-input":{"@type":"PropertyValueSpecification","valueRequired":true,"valueName":"search_term_string"}}],"inLanguage":"es"},{"@type":"Organization","@id":"https:\/\/perezdevargas.es\/es\/#organization","name":"P\u00e9rez de Vargas","url":"https:\/\/perezdevargas.es\/es\/","logo":{"@type":"ImageObject","inLanguage":"es","@id":"https:\/\/perezdevargas.es\/es\/#\/schema\/logo\/image\/","url":"https:\/\/perezdevargas.es\/wp-content\/uploads\/2025\/04\/Diseno-sin-titulo-91-1.jpg","contentUrl":"https:\/\/perezdevargas.es\/wp-content\/uploads\/2025\/04\/Diseno-sin-titulo-91-1.jpg","width":500,"height":500,"caption":"P\u00e9rez de Vargas"},"image":{"@id":"https:\/\/perezdevargas.es\/es\/#\/schema\/logo\/image\/"},"sameAs":["https:\/\/www.facebook.com\/perezdevargasabogados\/","https:\/\/www.instagram.com\/perezdevargasabogados\/"]},{"@type":"Person","@id":"https:\/\/perezdevargas.es\/es\/#\/schema\/person\/287db7848e4e5e1109d1dea667558726","name":"Borja Rond\u00e1n Escorial","image":{"@type":"ImageObject","inLanguage":"es","@id":"https:\/\/secure.gravatar.com\/avatar\/fcff2d80b090050a7f494af6283a381082074e575e680308cebf3705ce608209?s=96&d=mm&r=g","url":"https:\/\/secure.gravatar.com\/avatar\/fcff2d80b090050a7f494af6283a381082074e575e680308cebf3705ce608209?s=96&d=mm&r=g","contentUrl":"https:\/\/secure.gravatar.com\/avatar\/fcff2d80b090050a7f494af6283a381082074e575e680308cebf3705ce608209?s=96&d=mm&r=g","caption":"Borja Rond\u00e1n Escorial"}}]}},"_links":{"self":[{"href":"https:\/\/perezdevargas.es\/es\/wp-json\/wp\/v2\/posts\/653","targetHints":{"allow":["GET"]}}],"collection":[{"href":"https:\/\/perezdevargas.es\/es\/wp-json\/wp\/v2\/posts"}],"about":[{"href":"https:\/\/perezdevargas.es\/es\/wp-json\/wp\/v2\/types\/post"}],"author":[{"embeddable":true,"href":"https:\/\/perezdevargas.es\/es\/wp-json\/wp\/v2\/users\/15"}],"replies":[{"embeddable":true,"href":"https:\/\/perezdevargas.es\/es\/wp-json\/wp\/v2\/comments?post=653"}],"version-history":[{"count":3,"href":"https:\/\/perezdevargas.es\/es\/wp-json\/wp\/v2\/posts\/653\/revisions"}],"predecessor-version":[{"id":2365,"href":"https:\/\/perezdevargas.es\/es\/wp-json\/wp\/v2\/posts\/653\/revisions\/2365"}],"wp:featuredmedia":[{"embeddable":true,"href":"https:\/\/perezdevargas.es\/es\/wp-json\/wp\/v2\/media\/1292"}],"wp:attachment":[{"href":"https:\/\/perezdevargas.es\/es\/wp-json\/wp\/v2\/media?parent=653"}],"wp:term":[{"taxonomy":"category","embeddable":true,"href":"https:\/\/perezdevargas.es\/es\/wp-json\/wp\/v2\/categories?post=653"},{"taxonomy":"post_tag","embeddable":true,"href":"https:\/\/perezdevargas.es\/es\/wp-json\/wp\/v2\/tags?post=653"}],"curies":[{"name":"wp","href":"https:\/\/api.w.org\/{rel}","templated":true}]}}