{"id":67445,"date":"2024-12-02T17:58:46","date_gmt":"2024-12-02T17:58:46","guid":{"rendered":"https:\/\/perezdevargas.es\/?p=66426"},"modified":"2024-12-02T17:58:46","modified_gmt":"2024-12-02T17:58:46","slug":"publicacion-en-la-revista-spaces-magazine-de-dmknight-frank-de-la-entrevista-a-javier-perez-de-vargas-sobre-el-nuevo-planeamiento-general-de-marbella-en-tramitacion","status":"publish","type":"post","link":"https:\/\/perezdevargas.es\/es\/blog\/publicacion-en-la-revista-spaces-magazine-de-dmknight-frank-de-la-entrevista-a-javier-perez-de-vargas-sobre-el-nuevo-planeamiento-general-de-marbella-en-tramitacion\/","title":{"rendered":"Publicaci\u00f3n en la Revista SPACES MAGAZINE de DM&#038;Knight Frank de la entrevista a Javier P\u00e9rez de Vargas sobre el nuevo planeamiento general de Marbella, en tramitaci\u00f3n."},"content":{"rendered":"<p>Javier P\u00e9rez de Vargas Ruedas (socio de P\u00e9rez de Vargas Abogados): \u201c\u201cEste nuevo plan es una oportunidad \u00fanica para mirar hacia el futuro\u201d<!--more--><\/p>\n<p>Nuestro m\u00e1s sincero agradecimiento a Pia Arteta (Socia Gerente) por la iniciativa, a Mariano Beristain por dirigir la entrevista y a todo el equipo de Diana Morales &amp; Knight Frank por el exquisito trato recibido, as\u00ed como por su rigor y profesionalidad, que les han convertido en un referente de la intermediaci\u00f3n inmobiliaria en la Costa del Sol y, muy especialmente, en Marbella.<\/p>\n<p>Puede ver el video de completo de la entrevista en el siguiente enlace <a href=\"https:\/\/www.dmproperties.com\/44620-interview-javier-perez-de-vargas-evolution-future-urban-marbella?utm_source=inmobalia_crm&amp;utm_medium=email&amp;utm_campaign=news_spacesNovemberEN\"><em><span style=\"color: #000080;\"><strong>ENTREVISTA<\/strong><\/span><\/em><\/a><\/p>\n","protected":false},"excerpt":{"rendered":"<p>Javier P\u00e9rez de Vargas Ruedas (socio de P\u00e9rez de Vargas Abogados): \u201c\u201cEste nuevo plan es una oportunidad \u00fanica para mirar [&hellip;]<\/p>\n","protected":false},"author":15,"featured_media":67449,"comment_status":"open","ping_status":"open","sticky":false,"template":"","format":"standard","meta":{"site-sidebar-layout":"default","site-content-layout":"","ast-site-content-layout":"default","site-content-style":"default","site-sidebar-style":"default","ast-global-header-display":"","ast-banner-title-visibility":"","ast-main-header-display":"","ast-hfb-above-header-display":"","ast-hfb-below-header-display":"","ast-hfb-mobile-header-display":"","site-post-title":"","ast-breadcrumbs-content":"","ast-featured-img":"","footer-sml-layout":"","ast-disable-related-posts":"","theme-transparent-header-meta":"","adv-header-id-meta":"","stick-header-meta":"","header-above-stick-meta":"","header-main-stick-meta":"","header-below-stick-meta":"","astra-migrate-meta-layouts":"default","ast-page-background-enabled":"default","ast-page-background-meta":{"desktop":{"background-color":"var(--ast-global-color-4)","background-image":"","background-repeat":"repeat","background-position":"center center","background-size":"auto","background-attachment":"scroll","background-type":"","background-media":"","overlay-type":"","overlay-color":"","overlay-opacity":"","overlay-gradient":""},"tablet":{"background-color":"","background-image":"","background-repeat":"repeat","background-position":"center center","background-size":"auto","background-attachment":"scroll","background-type":"","background-media":"","overlay-type":"","overlay-color":"","overlay-opacity":"","overlay-gradient":""},"mobile":{"background-color":"","background-image":"","background-repeat":"repeat","background-position":"center center","background-size":"auto","background-attachment":"scroll","background-type":"","background-media":"","overlay-type":"","overlay-color":"","overlay-opacity":"","overlay-gradient":""}},"ast-content-background-meta":{"desktop":{"background-color":"var(--ast-global-color-5)","background-image":"","background-repeat":"repeat","background-position":"center center","background-size":"auto","background-attachment":"scroll","background-type":"","background-media":"","overlay-type":"","overlay-color":"","overlay-opacity":"","overlay-gradient":""},"tablet":{"background-color":"var(--ast-global-color-5)","background-image":"","background-repeat":"repeat","background-position":"center center","background-size":"auto","background-attachment":"scroll","background-type":"","background-media":"","overlay-type":"","overlay-color":"","overlay-opacity":"","overlay-gradient":""},"mobile":{"background-color":"var(--ast-global-color-5)","background-image":"","background-repeat":"repeat","background-position":"center center","background-size":"auto","background-attachment":"scroll","background-type":"","background-media":"","overlay-type":"","overlay-color":"","overlay-opacity":"","overlay-gradient":""}},"footnotes":""},"categories":[1],"tags":[],"class_list":["post-67445","post","type-post","status-publish","format-standard","has-post-thumbnail","hentry","category-eventos"],"yoast_head":"<!-- This site is optimized with the Yoast SEO plugin v27.4 - https:\/\/yoast.com\/product\/yoast-seo-wordpress\/ -->\n<title>Publicaci\u00f3n en la Revista SPACES MAGAZINE de DM&amp;Knight Frank de la entrevista a Javier P\u00e9rez de Vargas sobre el nuevo planeamiento general de Marbella, en tramitaci\u00f3n. | P\u00e9rez de Vargas<\/title>\n<meta name=\"description\" content=\"Javier P\u00e9rez de Vargas Ruedas (socio de P\u00e9rez de Vargas Abogados): \u201c\u201cEste nuevo plan es una oportunidad \u00fanica para mirar hacia el futuro\u201d Nuestro m\u00e1s\" \/>\n<meta name=\"robots\" content=\"index, follow, max-snippet:-1, max-image-preview:large, max-video-preview:-1\" \/>\n<link rel=\"canonical\" href=\"https:\/\/perezdevargas.es\/es\/blog\/publicacion-en-la-revista-spaces-magazine-de-dmknight-frank-de-la-entrevista-a-javier-perez-de-vargas-sobre-el-nuevo-planeamiento-general-de-marbella-en-tramitacion\/\" \/>\n<meta property=\"og:locale\" content=\"es_ES\" \/>\n<meta property=\"og:type\" content=\"article\" \/>\n<meta property=\"og:title\" content=\"Publicaci\u00f3n en la Revista SPACES MAGAZINE de DM&amp;Knight Frank de la entrevista a Javier P\u00e9rez de Vargas sobre el nuevo planeamiento general de Marbella, en tramitaci\u00f3n. | P\u00e9rez de Vargas\" \/>\n<meta property=\"og:description\" content=\"Javier P\u00e9rez de Vargas Ruedas (socio de P\u00e9rez de Vargas Abogados): \u201c\u201cEste nuevo plan es una oportunidad \u00fanica para mirar hacia el futuro\u201d Nuestro m\u00e1s\" \/>\n<meta property=\"og:url\" content=\"https:\/\/perezdevargas.es\/es\/blog\/publicacion-en-la-revista-spaces-magazine-de-dmknight-frank-de-la-entrevista-a-javier-perez-de-vargas-sobre-el-nuevo-planeamiento-general-de-marbella-en-tramitacion\/\" \/>\n<meta property=\"og:site_name\" content=\"P\u00e9rez de Vargas\" \/>\n<meta property=\"article:publisher\" content=\"https:\/\/www.facebook.com\/perezdevargasabogados\/\" \/>\n<meta property=\"article:published_time\" content=\"2024-12-02T17:58:46+00:00\" \/>\n<meta property=\"og:image\" content=\"https:\/\/perezdevargas.es\/wp-content\/uploads\/2024\/12\/space-magazine.jpg\" \/>\n\t<meta property=\"og:image:width\" content=\"683\" \/>\n\t<meta property=\"og:image:height\" content=\"435\" \/>\n\t<meta property=\"og:image:type\" content=\"image\/jpeg\" \/>\n<meta name=\"author\" content=\"Borja Rond\u00e1n Escorial\" \/>\n<meta name=\"twitter:card\" content=\"summary_large_image\" \/>\n<meta name=\"twitter:label1\" content=\"Escrito por\" \/>\n\t<meta name=\"twitter:data1\" content=\"Borja Rond\u00e1n Escorial\" \/>\n\t<meta name=\"twitter:label2\" content=\"Tiempo de lectura\" \/>\n\t<meta name=\"twitter:data2\" content=\"1 minuto\" \/>\n<script type=\"application\/ld+json\" class=\"yoast-schema-graph\">{\"@context\":\"https:\\\/\\\/schema.org\",\"@graph\":[{\"@type\":\"Article\",\"@id\":\"https:\\\/\\\/perezdevargas.es\\\/es\\\/blog\\\/publicacion-en-la-revista-spaces-magazine-de-dmknight-frank-de-la-entrevista-a-javier-perez-de-vargas-sobre-el-nuevo-planeamiento-general-de-marbella-en-tramitacion\\\/#article\",\"isPartOf\":{\"@id\":\"https:\\\/\\\/perezdevargas.es\\\/es\\\/blog\\\/publicacion-en-la-revista-spaces-magazine-de-dmknight-frank-de-la-entrevista-a-javier-perez-de-vargas-sobre-el-nuevo-planeamiento-general-de-marbella-en-tramitacion\\\/\"},\"author\":{\"name\":\"Borja Rond\u00e1n Escorial\",\"@id\":\"https:\\\/\\\/perezdevargas.es\\\/es\\\/#\\\/schema\\\/person\\\/287db7848e4e5e1109d1dea667558726\"},\"headline\":\"Publicaci\u00f3n en la Revista SPACES MAGAZINE de DM&#038;Knight Frank de la entrevista a Javier P\u00e9rez de Vargas sobre el nuevo planeamiento general de Marbella, en tramitaci\u00f3n.\",\"datePublished\":\"2024-12-02T17:58:46+00:00\",\"mainEntityOfPage\":{\"@id\":\"https:\\\/\\\/perezdevargas.es\\\/es\\\/blog\\\/publicacion-en-la-revista-spaces-magazine-de-dmknight-frank-de-la-entrevista-a-javier-perez-de-vargas-sobre-el-nuevo-planeamiento-general-de-marbella-en-tramitacion\\\/\"},\"wordCount\":134,\"commentCount\":0,\"publisher\":{\"@id\":\"https:\\\/\\\/perezdevargas.es\\\/es\\\/#organization\"},\"image\":{\"@id\":\"https:\\\/\\\/perezdevargas.es\\\/es\\\/blog\\\/publicacion-en-la-revista-spaces-magazine-de-dmknight-frank-de-la-entrevista-a-javier-perez-de-vargas-sobre-el-nuevo-planeamiento-general-de-marbella-en-tramitacion\\\/#primaryimage\"},\"thumbnailUrl\":\"https:\\\/\\\/perezdevargas.es\\\/wp-content\\\/uploads\\\/2024\\\/12\\\/space-magazine.jpg\",\"articleSection\":[\"Eventos\"],\"inLanguage\":\"es\",\"potentialAction\":[{\"@type\":\"CommentAction\",\"name\":\"Comment\",\"target\":[\"https:\\\/\\\/perezdevargas.es\\\/es\\\/blog\\\/publicacion-en-la-revista-spaces-magazine-de-dmknight-frank-de-la-entrevista-a-javier-perez-de-vargas-sobre-el-nuevo-planeamiento-general-de-marbella-en-tramitacion\\\/#respond\"]}]},{\"@type\":\"WebPage\",\"@id\":\"https:\\\/\\\/perezdevargas.es\\\/es\\\/blog\\\/publicacion-en-la-revista-spaces-magazine-de-dmknight-frank-de-la-entrevista-a-javier-perez-de-vargas-sobre-el-nuevo-planeamiento-general-de-marbella-en-tramitacion\\\/\",\"url\":\"https:\\\/\\\/perezdevargas.es\\\/es\\\/blog\\\/publicacion-en-la-revista-spaces-magazine-de-dmknight-frank-de-la-entrevista-a-javier-perez-de-vargas-sobre-el-nuevo-planeamiento-general-de-marbella-en-tramitacion\\\/\",\"name\":\"Publicaci\u00f3n en la Revista SPACES MAGAZINE de DM&Knight Frank de la entrevista a Javier P\u00e9rez de Vargas sobre el nuevo planeamiento general de Marbella, en tramitaci\u00f3n. | P\u00e9rez de Vargas\",\"isPartOf\":{\"@id\":\"https:\\\/\\\/perezdevargas.es\\\/es\\\/#website\"},\"primaryImageOfPage\":{\"@id\":\"https:\\\/\\\/perezdevargas.es\\\/es\\\/blog\\\/publicacion-en-la-revista-spaces-magazine-de-dmknight-frank-de-la-entrevista-a-javier-perez-de-vargas-sobre-el-nuevo-planeamiento-general-de-marbella-en-tramitacion\\\/#primaryimage\"},\"image\":{\"@id\":\"https:\\\/\\\/perezdevargas.es\\\/es\\\/blog\\\/publicacion-en-la-revista-spaces-magazine-de-dmknight-frank-de-la-entrevista-a-javier-perez-de-vargas-sobre-el-nuevo-planeamiento-general-de-marbella-en-tramitacion\\\/#primaryimage\"},\"thumbnailUrl\":\"https:\\\/\\\/perezdevargas.es\\\/wp-content\\\/uploads\\\/2024\\\/12\\\/space-magazine.jpg\",\"datePublished\":\"2024-12-02T17:58:46+00:00\",\"description\":\"Javier P\u00e9rez de Vargas Ruedas (socio de P\u00e9rez de Vargas Abogados): \u201c\u201cEste nuevo plan es una oportunidad \u00fanica para mirar hacia el futuro\u201d Nuestro m\u00e1s\",\"breadcrumb\":{\"@id\":\"https:\\\/\\\/perezdevargas.es\\\/es\\\/blog\\\/publicacion-en-la-revista-spaces-magazine-de-dmknight-frank-de-la-entrevista-a-javier-perez-de-vargas-sobre-el-nuevo-planeamiento-general-de-marbella-en-tramitacion\\\/#breadcrumb\"},\"inLanguage\":\"es\",\"potentialAction\":[{\"@type\":\"ReadAction\",\"target\":[\"https:\\\/\\\/perezdevargas.es\\\/es\\\/blog\\\/publicacion-en-la-revista-spaces-magazine-de-dmknight-frank-de-la-entrevista-a-javier-perez-de-vargas-sobre-el-nuevo-planeamiento-general-de-marbella-en-tramitacion\\\/\"]}]},{\"@type\":\"ImageObject\",\"inLanguage\":\"es\",\"@id\":\"https:\\\/\\\/perezdevargas.es\\\/es\\\/blog\\\/publicacion-en-la-revista-spaces-magazine-de-dmknight-frank-de-la-entrevista-a-javier-perez-de-vargas-sobre-el-nuevo-planeamiento-general-de-marbella-en-tramitacion\\\/#primaryimage\",\"url\":\"https:\\\/\\\/perezdevargas.es\\\/wp-content\\\/uploads\\\/2024\\\/12\\\/space-magazine.jpg\",\"contentUrl\":\"https:\\\/\\\/perezdevargas.es\\\/wp-content\\\/uploads\\\/2024\\\/12\\\/space-magazine.jpg\",\"width\":683,\"height\":435},{\"@type\":\"BreadcrumbList\",\"@id\":\"https:\\\/\\\/perezdevargas.es\\\/es\\\/blog\\\/publicacion-en-la-revista-spaces-magazine-de-dmknight-frank-de-la-entrevista-a-javier-perez-de-vargas-sobre-el-nuevo-planeamiento-general-de-marbella-en-tramitacion\\\/#breadcrumb\",\"itemListElement\":[{\"@type\":\"ListItem\",\"position\":1,\"name\":\"Portada\",\"item\":\"https:\\\/\\\/perezdevargas.es\\\/es\\\/\"},{\"@type\":\"ListItem\",\"position\":2,\"name\":\"Publicaci\u00f3n en la Revista SPACES MAGAZINE de DM&#038;Knight Frank de la entrevista a Javier P\u00e9rez de Vargas sobre el nuevo planeamiento general de Marbella, en tramitaci\u00f3n.\"}]},{\"@type\":\"WebSite\",\"@id\":\"https:\\\/\\\/perezdevargas.es\\\/es\\\/#website\",\"url\":\"https:\\\/\\\/perezdevargas.es\\\/es\\\/\",\"name\":\"P\u00e9rez de Vargas\",\"description\":\"\",\"publisher\":{\"@id\":\"https:\\\/\\\/perezdevargas.es\\\/es\\\/#organization\"},\"potentialAction\":[{\"@type\":\"SearchAction\",\"target\":{\"@type\":\"EntryPoint\",\"urlTemplate\":\"https:\\\/\\\/perezdevargas.es\\\/es\\\/?s={search_term_string}\"},\"query-input\":{\"@type\":\"PropertyValueSpecification\",\"valueRequired\":true,\"valueName\":\"search_term_string\"}}],\"inLanguage\":\"es\"},{\"@type\":\"Organization\",\"@id\":\"https:\\\/\\\/perezdevargas.es\\\/es\\\/#organization\",\"name\":\"P\u00e9rez de Vargas\",\"url\":\"https:\\\/\\\/perezdevargas.es\\\/es\\\/\",\"logo\":{\"@type\":\"ImageObject\",\"inLanguage\":\"es\",\"@id\":\"https:\\\/\\\/perezdevargas.es\\\/es\\\/#\\\/schema\\\/logo\\\/image\\\/\",\"url\":\"https:\\\/\\\/perezdevargas.es\\\/wp-content\\\/uploads\\\/2025\\\/04\\\/Diseno-sin-titulo-91-1.jpg\",\"contentUrl\":\"https:\\\/\\\/perezdevargas.es\\\/wp-content\\\/uploads\\\/2025\\\/04\\\/Diseno-sin-titulo-91-1.jpg\",\"width\":500,\"height\":500,\"caption\":\"P\u00e9rez de Vargas\"},\"image\":{\"@id\":\"https:\\\/\\\/perezdevargas.es\\\/es\\\/#\\\/schema\\\/logo\\\/image\\\/\"},\"sameAs\":[\"https:\\\/\\\/www.facebook.com\\\/perezdevargasabogados\\\/\",\"https:\\\/\\\/www.instagram.com\\\/perezdevargasabogados\\\/\"]},{\"@type\":\"Person\",\"@id\":\"https:\\\/\\\/perezdevargas.es\\\/es\\\/#\\\/schema\\\/person\\\/287db7848e4e5e1109d1dea667558726\",\"name\":\"Borja Rond\u00e1n Escorial\",\"image\":{\"@type\":\"ImageObject\",\"inLanguage\":\"es\",\"@id\":\"https:\\\/\\\/secure.gravatar.com\\\/avatar\\\/fcff2d80b090050a7f494af6283a381082074e575e680308cebf3705ce608209?s=96&d=mm&r=g\",\"url\":\"https:\\\/\\\/secure.gravatar.com\\\/avatar\\\/fcff2d80b090050a7f494af6283a381082074e575e680308cebf3705ce608209?s=96&d=mm&r=g\",\"contentUrl\":\"https:\\\/\\\/secure.gravatar.com\\\/avatar\\\/fcff2d80b090050a7f494af6283a381082074e575e680308cebf3705ce608209?s=96&d=mm&r=g\",\"caption\":\"Borja Rond\u00e1n Escorial\"}}]}<\/script>\n<!-- \/ Yoast SEO plugin. -->","yoast_head_json":{"title":"Publicaci\u00f3n en la Revista SPACES MAGAZINE de DM&Knight Frank de la entrevista a Javier P\u00e9rez de Vargas sobre el nuevo planeamiento general de Marbella, en tramitaci\u00f3n. | P\u00e9rez de Vargas","description":"Javier P\u00e9rez de Vargas Ruedas (socio de P\u00e9rez de Vargas Abogados): \u201c\u201cEste nuevo plan es una oportunidad \u00fanica para mirar hacia el futuro\u201d Nuestro m\u00e1s","robots":{"index":"index","follow":"follow","max-snippet":"max-snippet:-1","max-image-preview":"max-image-preview:large","max-video-preview":"max-video-preview:-1"},"canonical":"https:\/\/perezdevargas.es\/es\/blog\/publicacion-en-la-revista-spaces-magazine-de-dmknight-frank-de-la-entrevista-a-javier-perez-de-vargas-sobre-el-nuevo-planeamiento-general-de-marbella-en-tramitacion\/","og_locale":"es_ES","og_type":"article","og_title":"Publicaci\u00f3n en la Revista SPACES MAGAZINE de DM&Knight Frank de la entrevista a Javier P\u00e9rez de Vargas sobre el nuevo planeamiento general de Marbella, en tramitaci\u00f3n. | P\u00e9rez de Vargas","og_description":"Javier P\u00e9rez de Vargas Ruedas (socio de P\u00e9rez de Vargas Abogados): \u201c\u201cEste nuevo plan es una oportunidad \u00fanica para mirar hacia el futuro\u201d Nuestro m\u00e1s","og_url":"https:\/\/perezdevargas.es\/es\/blog\/publicacion-en-la-revista-spaces-magazine-de-dmknight-frank-de-la-entrevista-a-javier-perez-de-vargas-sobre-el-nuevo-planeamiento-general-de-marbella-en-tramitacion\/","og_site_name":"P\u00e9rez de Vargas","article_publisher":"https:\/\/www.facebook.com\/perezdevargasabogados\/","article_published_time":"2024-12-02T17:58:46+00:00","og_image":[{"width":683,"height":435,"url":"https:\/\/perezdevargas.es\/wp-content\/uploads\/2024\/12\/space-magazine.jpg","type":"image\/jpeg"}],"author":"Borja Rond\u00e1n Escorial","twitter_card":"summary_large_image","twitter_misc":{"Escrito por":"Borja Rond\u00e1n Escorial","Tiempo de lectura":"1 minuto"},"schema":{"@context":"https:\/\/schema.org","@graph":[{"@type":"Article","@id":"https:\/\/perezdevargas.es\/es\/blog\/publicacion-en-la-revista-spaces-magazine-de-dmknight-frank-de-la-entrevista-a-javier-perez-de-vargas-sobre-el-nuevo-planeamiento-general-de-marbella-en-tramitacion\/#article","isPartOf":{"@id":"https:\/\/perezdevargas.es\/es\/blog\/publicacion-en-la-revista-spaces-magazine-de-dmknight-frank-de-la-entrevista-a-javier-perez-de-vargas-sobre-el-nuevo-planeamiento-general-de-marbella-en-tramitacion\/"},"author":{"name":"Borja Rond\u00e1n Escorial","@id":"https:\/\/perezdevargas.es\/es\/#\/schema\/person\/287db7848e4e5e1109d1dea667558726"},"headline":"Publicaci\u00f3n en la Revista SPACES MAGAZINE de DM&#038;Knight Frank de la entrevista a Javier P\u00e9rez de Vargas sobre el nuevo planeamiento general de Marbella, en tramitaci\u00f3n.","datePublished":"2024-12-02T17:58:46+00:00","mainEntityOfPage":{"@id":"https:\/\/perezdevargas.es\/es\/blog\/publicacion-en-la-revista-spaces-magazine-de-dmknight-frank-de-la-entrevista-a-javier-perez-de-vargas-sobre-el-nuevo-planeamiento-general-de-marbella-en-tramitacion\/"},"wordCount":134,"commentCount":0,"publisher":{"@id":"https:\/\/perezdevargas.es\/es\/#organization"},"image":{"@id":"https:\/\/perezdevargas.es\/es\/blog\/publicacion-en-la-revista-spaces-magazine-de-dmknight-frank-de-la-entrevista-a-javier-perez-de-vargas-sobre-el-nuevo-planeamiento-general-de-marbella-en-tramitacion\/#primaryimage"},"thumbnailUrl":"https:\/\/perezdevargas.es\/wp-content\/uploads\/2024\/12\/space-magazine.jpg","articleSection":["Eventos"],"inLanguage":"es","potentialAction":[{"@type":"CommentAction","name":"Comment","target":["https:\/\/perezdevargas.es\/es\/blog\/publicacion-en-la-revista-spaces-magazine-de-dmknight-frank-de-la-entrevista-a-javier-perez-de-vargas-sobre-el-nuevo-planeamiento-general-de-marbella-en-tramitacion\/#respond"]}]},{"@type":"WebPage","@id":"https:\/\/perezdevargas.es\/es\/blog\/publicacion-en-la-revista-spaces-magazine-de-dmknight-frank-de-la-entrevista-a-javier-perez-de-vargas-sobre-el-nuevo-planeamiento-general-de-marbella-en-tramitacion\/","url":"https:\/\/perezdevargas.es\/es\/blog\/publicacion-en-la-revista-spaces-magazine-de-dmknight-frank-de-la-entrevista-a-javier-perez-de-vargas-sobre-el-nuevo-planeamiento-general-de-marbella-en-tramitacion\/","name":"Publicaci\u00f3n en la Revista SPACES MAGAZINE de DM&Knight Frank de la entrevista a Javier P\u00e9rez de Vargas sobre el nuevo planeamiento general de Marbella, en tramitaci\u00f3n. | P\u00e9rez de Vargas","isPartOf":{"@id":"https:\/\/perezdevargas.es\/es\/#website"},"primaryImageOfPage":{"@id":"https:\/\/perezdevargas.es\/es\/blog\/publicacion-en-la-revista-spaces-magazine-de-dmknight-frank-de-la-entrevista-a-javier-perez-de-vargas-sobre-el-nuevo-planeamiento-general-de-marbella-en-tramitacion\/#primaryimage"},"image":{"@id":"https:\/\/perezdevargas.es\/es\/blog\/publicacion-en-la-revista-spaces-magazine-de-dmknight-frank-de-la-entrevista-a-javier-perez-de-vargas-sobre-el-nuevo-planeamiento-general-de-marbella-en-tramitacion\/#primaryimage"},"thumbnailUrl":"https:\/\/perezdevargas.es\/wp-content\/uploads\/2024\/12\/space-magazine.jpg","datePublished":"2024-12-02T17:58:46+00:00","description":"Javier P\u00e9rez de Vargas Ruedas (socio de P\u00e9rez de Vargas Abogados): \u201c\u201cEste nuevo plan es una oportunidad \u00fanica para mirar hacia el futuro\u201d Nuestro m\u00e1s","breadcrumb":{"@id":"https:\/\/perezdevargas.es\/es\/blog\/publicacion-en-la-revista-spaces-magazine-de-dmknight-frank-de-la-entrevista-a-javier-perez-de-vargas-sobre-el-nuevo-planeamiento-general-de-marbella-en-tramitacion\/#breadcrumb"},"inLanguage":"es","potentialAction":[{"@type":"ReadAction","target":["https:\/\/perezdevargas.es\/es\/blog\/publicacion-en-la-revista-spaces-magazine-de-dmknight-frank-de-la-entrevista-a-javier-perez-de-vargas-sobre-el-nuevo-planeamiento-general-de-marbella-en-tramitacion\/"]}]},{"@type":"ImageObject","inLanguage":"es","@id":"https:\/\/perezdevargas.es\/es\/blog\/publicacion-en-la-revista-spaces-magazine-de-dmknight-frank-de-la-entrevista-a-javier-perez-de-vargas-sobre-el-nuevo-planeamiento-general-de-marbella-en-tramitacion\/#primaryimage","url":"https:\/\/perezdevargas.es\/wp-content\/uploads\/2024\/12\/space-magazine.jpg","contentUrl":"https:\/\/perezdevargas.es\/wp-content\/uploads\/2024\/12\/space-magazine.jpg","width":683,"height":435},{"@type":"BreadcrumbList","@id":"https:\/\/perezdevargas.es\/es\/blog\/publicacion-en-la-revista-spaces-magazine-de-dmknight-frank-de-la-entrevista-a-javier-perez-de-vargas-sobre-el-nuevo-planeamiento-general-de-marbella-en-tramitacion\/#breadcrumb","itemListElement":[{"@type":"ListItem","position":1,"name":"Portada","item":"https:\/\/perezdevargas.es\/es\/"},{"@type":"ListItem","position":2,"name":"Publicaci\u00f3n en la Revista SPACES MAGAZINE de DM&#038;Knight Frank de la entrevista a Javier P\u00e9rez de Vargas sobre el nuevo planeamiento general de Marbella, en tramitaci\u00f3n."}]},{"@type":"WebSite","@id":"https:\/\/perezdevargas.es\/es\/#website","url":"https:\/\/perezdevargas.es\/es\/","name":"P\u00e9rez de Vargas","description":"","publisher":{"@id":"https:\/\/perezdevargas.es\/es\/#organization"},"potentialAction":[{"@type":"SearchAction","target":{"@type":"EntryPoint","urlTemplate":"https:\/\/perezdevargas.es\/es\/?s={search_term_string}"},"query-input":{"@type":"PropertyValueSpecification","valueRequired":true,"valueName":"search_term_string"}}],"inLanguage":"es"},{"@type":"Organization","@id":"https:\/\/perezdevargas.es\/es\/#organization","name":"P\u00e9rez de Vargas","url":"https:\/\/perezdevargas.es\/es\/","logo":{"@type":"ImageObject","inLanguage":"es","@id":"https:\/\/perezdevargas.es\/es\/#\/schema\/logo\/image\/","url":"https:\/\/perezdevargas.es\/wp-content\/uploads\/2025\/04\/Diseno-sin-titulo-91-1.jpg","contentUrl":"https:\/\/perezdevargas.es\/wp-content\/uploads\/2025\/04\/Diseno-sin-titulo-91-1.jpg","width":500,"height":500,"caption":"P\u00e9rez de Vargas"},"image":{"@id":"https:\/\/perezdevargas.es\/es\/#\/schema\/logo\/image\/"},"sameAs":["https:\/\/www.facebook.com\/perezdevargasabogados\/","https:\/\/www.instagram.com\/perezdevargasabogados\/"]},{"@type":"Person","@id":"https:\/\/perezdevargas.es\/es\/#\/schema\/person\/287db7848e4e5e1109d1dea667558726","name":"Borja Rond\u00e1n Escorial","image":{"@type":"ImageObject","inLanguage":"es","@id":"https:\/\/secure.gravatar.com\/avatar\/fcff2d80b090050a7f494af6283a381082074e575e680308cebf3705ce608209?s=96&d=mm&r=g","url":"https:\/\/secure.gravatar.com\/avatar\/fcff2d80b090050a7f494af6283a381082074e575e680308cebf3705ce608209?s=96&d=mm&r=g","contentUrl":"https:\/\/secure.gravatar.com\/avatar\/fcff2d80b090050a7f494af6283a381082074e575e680308cebf3705ce608209?s=96&d=mm&r=g","caption":"Borja Rond\u00e1n Escorial"}}]}},"_links":{"self":[{"href":"https:\/\/perezdevargas.es\/es\/wp-json\/wp\/v2\/posts\/67445","targetHints":{"allow":["GET"]}}],"collection":[{"href":"https:\/\/perezdevargas.es\/es\/wp-json\/wp\/v2\/posts"}],"about":[{"href":"https:\/\/perezdevargas.es\/es\/wp-json\/wp\/v2\/types\/post"}],"author":[{"embeddable":true,"href":"https:\/\/perezdevargas.es\/es\/wp-json\/wp\/v2\/users\/15"}],"replies":[{"embeddable":true,"href":"https:\/\/perezdevargas.es\/es\/wp-json\/wp\/v2\/comments?post=67445"}],"version-history":[{"count":0,"href":"https:\/\/perezdevargas.es\/es\/wp-json\/wp\/v2\/posts\/67445\/revisions"}],"wp:featuredmedia":[{"embeddable":true,"href":"https:\/\/perezdevargas.es\/es\/wp-json\/wp\/v2\/media\/67449"}],"wp:attachment":[{"href":"https:\/\/perezdevargas.es\/es\/wp-json\/wp\/v2\/media?parent=67445"}],"wp:term":[{"taxonomy":"category","embeddable":true,"href":"https:\/\/perezdevargas.es\/es\/wp-json\/wp\/v2\/categories?post=67445"},{"taxonomy":"post_tag","embeddable":true,"href":"https:\/\/perezdevargas.es\/es\/wp-json\/wp\/v2\/tags?post=67445"}],"curies":[{"name":"wp","href":"https:\/\/api.w.org\/{rel}","templated":true}]}}