{"id":67530,"date":"2025-01-21T16:18:03","date_gmt":"2025-01-21T16:18:03","guid":{"rendered":"https:\/\/perezdevargas.es\/?p=67530"},"modified":"2025-01-21T16:20:25","modified_gmt":"2025-01-21T16:20:25","slug":"anuncio-relativo-al-incremento-de-los-impuestos-en-la-adquisicion-de-viviendas-en-espana-por-extranjeros-extracomunitarios-no-residentes","status":"publish","type":"post","link":"https:\/\/perezdevargas.es\/es\/blog\/anuncio-relativo-al-incremento-de-los-impuestos-en-la-adquisicion-de-viviendas-en-espana-por-extranjeros-extracomunitarios-no-residentes\/","title":{"rendered":"Anuncio relativo al incremento de los impuestos, en la adquisici\u00f3n de viviendas en espa\u00f1a, por extranjeros extracomunitarios, no residentes."},"content":{"rendered":"\n<p><strong>El Presidente del Gobierno anuncia, ante los medios de comunicaci\u00f3n, la implantaci\u00f3n, de una medida, entre otras, consistente en incrementar los impuestos aplicables a la adquisici\u00f3n de viviendas en Espa\u00f1a, por extranjeros extracomunitarios, no residentes.<\/strong><\/p>\n\n\n\n<p><strong>1.- Declaraci\u00f3n sin contenido espec\u00edfico.-<\/strong><\/p>\n\n\n\n<p>En primer lugar, resaltamos que estamos en presencia de una mera declaraci\u00f3n del Presidente, ante los medios de comunicaci\u00f3n, por tanto, desconocemos los t\u00e9rminos del anunciado incremento impositivo que se impondr\u00e1 hasta el 100% sobre el valor de las viviendas, que sean adquiridas por extranjeros no residentes en la Uni\u00f3n Europea (UE).<\/p>\n\n\n\n<p>En consecuencia, deberemos esperar a la presentaci\u00f3n del Proyecto de Ley por el Gobierno, o en su caso, de la Proposici\u00f3n de Ley por el Grupo Parlamentario del Presidente (PSOE), para conocer el contenido de la medida anunciada.<\/p>\n\n\n\n<p>Y a su vez, deberemos tener en cuenta las enmiendas que pudieran presentar los Grupos Parlamentarios en la tramitaci\u00f3n del referido Proyecto de Ley, o en su caso, de la Proposici\u00f3n de Ley, en el Congreso de los Diputados, y posteriormente, en el Senado.<\/p>\n\n\n\n<p>No podemos olvidar que el Grupo Parlamentario del partido socialista deber\u00e1 negociar el contenido en la referida medida con otros Grupos Parlamentarios, para conseguir su aprobaci\u00f3n.<\/p>\n\n\n\n<p>En conclusi\u00f3n, desde un punto de vista jur\u00eddico, no resulta posible hacer un an\u00e1lisis riguroso de una declaraci\u00f3n del Presidente, que anuncia una medida, sin definir el contenido de la misma.<\/p>\n\n\n\n<p><strong>2.- Impuestos directos e indirectos.-<\/strong><\/p>\n\n\n\n<p>Como dec\u00edamos, entre las medidas anunciadas se incluye un incremento de la carga fiscal a soportar por los inversores extracomunitarios en la compra de viviendas en Espa\u00f1a, si bien, no se precisa a qu\u00e9 impuesto afectar\u00eda (hay que llamar la atenci\u00f3n que algunos medios de comunicaci\u00f3n, entendemos que con af\u00e1n sensacionalista, hablan de \u201climitaci\u00f3n de compra de viviendas para extranjeros\u201d).<\/p>\n\n\n\n<p>&nbsp;En este sentido, hemos de precisar que el Presidente&nbsp; ha anunciado el incremento de la carga fiscal en la adquisici\u00f3n de viviendas por extranjeros no residentes en la UE, por tanto, no la limitaci\u00f3n, como algunos medios han puesto de manifiesto.<\/p>\n\n\n\n<p>En cuanto al incremento de la carga fiscal, desconocemos a qu\u00e9 impuesto se est\u00e1 refiriendo el Presidente del Gobierno, en este sentido, indicamos los impuestos directos e indirectos que gravan la adquisici\u00f3n, tenencia, y en su caso,&nbsp; posterior venta de viviendas por no residentes en la UE:<\/p>\n\n\n\n<ul class=\"wp-block-list\">\n<li>Primera transmisi\u00f3n de vivienda: en este caso se devenga IVA, al 10 % y el Impuesto de Transmisiones Patrimoniales Onerosas y Actos Jur\u00eddicos Documentados (ITP-AJD) en la modalidad de Actos Jur\u00eddicos Documentados (AJD) al tipo del 1,2 %.<\/li>\n\n\n\n<li>Segunda transmisi\u00f3n de vivienda: Se genera Transmisiones Patrimoniales Onerosas al tipo del 7 %.<\/li>\n\n\n\n<li>Impuesto sobre la Renta de No Residentes en la UE el tipo impositivo es del 24 %.<\/li>\n\n\n\n<li>Impuesto sobre la Renta de No Residentes en la UE en caso de venta, el tipo impositivo es del 19 %,.<\/li>\n<\/ul>\n\n\n\n<p><strong>3.- Impuesto sobre la Renta de No Residentes: rendimiento presunto y arrendamiento.-<\/strong><\/p>\n\n\n\n<p>A la vista de lo anterior es m\u00e1s probable que la medida anunciada sin ninguna precisi\u00f3n pretenda aplicarse sobre los tributos que se abonan durante la tenencia de la vivienda o en el momento de la venta de la misma.<\/p>\n\n\n\n<p>As\u00ed, con la legislaci\u00f3n actual, tanto si se arrienda el inmueble como si se grava el rendimiento presunto del inmueble, el tipo impositivo aplicable para los no residentes en la UE es el 24 % y para los residentes en la UE el 19 %.<\/p>\n\n\n\n<p>De esta forma, en la actualidad, la persona extracomunitaria ya tiene una carga fiscal superior a la comunitaria por la tenencia del inmueble. Dado que el Impuesto sobre la Renta de No Residentes es de competencia estatal, puede que se est\u00e9 pensando en incrementar bien el tipo impositivo de este impuesto para el extracomunitario (24 %) o bien actuar sobre la base imponible, lo cual parece menos probable.<\/p>\n\n\n\n<p><strong>4.- Impuesto <\/strong><strong>sobre la Renta de No Residentes: ganancia patrimonial.-<\/strong><strong><\/strong><\/p>\n\n\n\n<p>Por \u00faltimo, en la venta del inmueble no existe diferencia en el tipo impositivo aplicable entre el residente en la UE y el extracomunitario,&nbsp; siendo dicho tipo el 19 %, por lo que tambi\u00e9n cabe pensar que se est\u00e9 valorando subir dicho tipo a los residentes fuera de la UE.<\/p>\n\n\n\n<p><strong>5.-&nbsp; Posible creaci\u00f3n de un nuevo impuesto.-<\/strong><\/p>\n\n\n\n<p>A la vista de lo indicado anteriormente no podemos descartar que se est\u00e9 pensando en la creaci\u00f3n de un nuevo impuesto que afectara a los extracomunitarios, si bien, entendemos que esta alternativa es la menos probable por las dudas legales que generar\u00eda un impuesto que discriminara de forma clara al ciudadano extracomunitario con respecto al comunitario.<\/p>\n\n\n\n<p><strong>6.- Conclusiones.-<\/strong><\/p>\n\n\n\n<p>Entendemos que resultar\u00e1 dif\u00edcil reunir una mayor\u00eda parlamentaria para la aprobaci\u00f3n de la anunciada carga fiscal, en la adquisici\u00f3n de viviendas, por extranjeros extracomunitarios, no residentes.<\/p>\n\n\n\n<p>Como indic\u00e1bamos al principio, lo \u00fanico que tenemos por ahora son declaraciones de Presidente del Gobierno, en un foro de vivienda, sin que se haya concretado ninguna medida. Una vez concretadas habr\u00e1 que analizarlas e incluso valorar, a la vista de las mismas, si pueden suponer una discriminaci\u00f3n con respecto al ciudadano extracomunitario.<\/p>\n\n\n\n<p>En cualquier caso, deberemos esperar a la tramitaci\u00f3n y aprobaci\u00f3n, si se produce, del incremento impositivo anunciado, para hacer un an\u00e1lisis del contenido del mismo, desde un punto jur\u00eddico.<\/p>\n\n\n\n<p>Marbella, a 21 de Enero de 2025<\/p>\n\n\n\n<p>.<\/p>\n\n\n\n<p><\/p>\n","protected":false},"excerpt":{"rendered":"<p>El Presidente del Gobierno anuncia, ante los medios de comunicaci\u00f3n, la implantaci\u00f3n, de una medida, entre otras, consistente en incrementar [&hellip;]<\/p>\n","protected":false},"author":7,"featured_media":67535,"comment_status":"open","ping_status":"open","sticky":false,"template":"","format":"standard","meta":{"site-sidebar-layout":"default","site-content-layout":"","ast-site-content-layout":"default","site-content-style":"default","site-sidebar-style":"default","ast-global-header-display":"","ast-banner-title-visibility":"","ast-main-header-display":"","ast-hfb-above-header-display":"","ast-hfb-below-header-display":"","ast-hfb-mobile-header-display":"","site-post-title":"","ast-breadcrumbs-content":"","ast-featured-img":"","footer-sml-layout":"","ast-disable-related-posts":"","theme-transparent-header-meta":"","adv-header-id-meta":"","stick-header-meta":"","header-above-stick-meta":"","header-main-stick-meta":"","header-below-stick-meta":"","astra-migrate-meta-layouts":"default","ast-page-background-enabled":"default","ast-page-background-meta":{"desktop":{"background-color":"var(--ast-global-color-4)","background-image":"","background-repeat":"repeat","background-position":"center center","background-size":"auto","background-attachment":"scroll","background-type":"","background-media":"","overlay-type":"","overlay-color":"","overlay-opacity":"","overlay-gradient":""},"tablet":{"background-color":"","background-image":"","background-repeat":"repeat","background-position":"center center","background-size":"auto","background-attachment":"scroll","background-type":"","background-media":"","overlay-type":"","overlay-color":"","overlay-opacity":"","overlay-gradient":""},"mobile":{"background-color":"","background-image":"","background-repeat":"repeat","background-position":"center center","background-size":"auto","background-attachment":"scroll","background-type":"","background-media":"","overlay-type":"","overlay-color":"","overlay-opacity":"","overlay-gradient":""}},"ast-content-background-meta":{"desktop":{"background-color":"var(--ast-global-color-5)","background-image":"","background-repeat":"repeat","background-position":"center center","background-size":"auto","background-attachment":"scroll","background-type":"","background-media":"","overlay-type":"","overlay-color":"","overlay-opacity":"","overlay-gradient":""},"tablet":{"background-color":"var(--ast-global-color-5)","background-image":"","background-repeat":"repeat","background-position":"center center","background-size":"auto","background-attachment":"scroll","background-type":"","background-media":"","overlay-type":"","overlay-color":"","overlay-opacity":"","overlay-gradient":""},"mobile":{"background-color":"var(--ast-global-color-5)","background-image":"","background-repeat":"repeat","background-position":"center center","background-size":"auto","background-attachment":"scroll","background-type":"","background-media":"","overlay-type":"","overlay-color":"","overlay-opacity":"","overlay-gradient":""}},"footnotes":""},"categories":[7,6],"tags":[],"class_list":["post-67530","post","type-post","status-publish","format-standard","has-post-thumbnail","hentry","category-articulos-de-opinion","category-ultimas-noticias"],"yoast_head":"<!-- This site is optimized with the Yoast SEO plugin v27.4 - https:\/\/yoast.com\/product\/yoast-seo-wordpress\/ -->\n<title>Anuncio relativo al incremento de los impuestos, en la adquisici\u00f3n de viviendas en espa\u00f1a, por extranjeros extracomunitarios, no residentes. | P\u00e9rez de Vargas<\/title>\n<meta name=\"description\" content=\"El Presidente del Gobierno anuncia, ante los medios de comunicaci\u00f3n, la implantaci\u00f3n, de una medida, entre otras, consistente en incrementar los impuestos\" \/>\n<meta name=\"robots\" content=\"index, follow, max-snippet:-1, max-image-preview:large, max-video-preview:-1\" \/>\n<link rel=\"canonical\" href=\"https:\/\/perezdevargas.es\/es\/blog\/anuncio-relativo-al-incremento-de-los-impuestos-en-la-adquisicion-de-viviendas-en-espana-por-extranjeros-extracomunitarios-no-residentes\/\" \/>\n<meta property=\"og:locale\" content=\"es_ES\" \/>\n<meta property=\"og:type\" content=\"article\" \/>\n<meta property=\"og:title\" content=\"Anuncio relativo al incremento de los impuestos, en la adquisici\u00f3n de viviendas en espa\u00f1a, por extranjeros extracomunitarios, no residentes. | P\u00e9rez de Vargas\" \/>\n<meta property=\"og:description\" content=\"El Presidente del Gobierno anuncia, ante los medios de comunicaci\u00f3n, la implantaci\u00f3n, de una medida, entre otras, consistente en incrementar los impuestos\" \/>\n<meta property=\"og:url\" content=\"https:\/\/perezdevargas.es\/es\/blog\/anuncio-relativo-al-incremento-de-los-impuestos-en-la-adquisicion-de-viviendas-en-espana-por-extranjeros-extracomunitarios-no-residentes\/\" \/>\n<meta property=\"og:site_name\" content=\"P\u00e9rez de Vargas\" \/>\n<meta property=\"article:publisher\" content=\"https:\/\/www.facebook.com\/perezdevargasabogados\/\" \/>\n<meta property=\"article:published_time\" content=\"2025-01-21T16:18:03+00:00\" \/>\n<meta property=\"article:modified_time\" content=\"2025-01-21T16:20:25+00:00\" \/>\n<meta property=\"og:image\" content=\"https:\/\/perezdevargas.es\/wp-content\/uploads\/2025\/01\/shutterstock_2280753913.jpg\" \/>\n\t<meta property=\"og:image:width\" content=\"500\" \/>\n\t<meta property=\"og:image:height\" content=\"334\" \/>\n\t<meta property=\"og:image:type\" content=\"image\/jpeg\" \/>\n<meta name=\"author\" content=\"Jose Castellano Fernandez\" \/>\n<meta name=\"twitter:card\" content=\"summary_large_image\" \/>\n<meta name=\"twitter:label1\" content=\"Escrito por\" \/>\n\t<meta name=\"twitter:data1\" content=\"Jose Castellano Fernandez\" \/>\n\t<meta name=\"twitter:label2\" content=\"Tiempo de lectura\" \/>\n\t<meta name=\"twitter:data2\" content=\"5 minutos\" \/>\n<script type=\"application\/ld+json\" class=\"yoast-schema-graph\">{\"@context\":\"https:\\\/\\\/schema.org\",\"@graph\":[{\"@type\":\"Article\",\"@id\":\"https:\\\/\\\/perezdevargas.es\\\/es\\\/blog\\\/anuncio-relativo-al-incremento-de-los-impuestos-en-la-adquisicion-de-viviendas-en-espana-por-extranjeros-extracomunitarios-no-residentes\\\/#article\",\"isPartOf\":{\"@id\":\"https:\\\/\\\/perezdevargas.es\\\/es\\\/blog\\\/anuncio-relativo-al-incremento-de-los-impuestos-en-la-adquisicion-de-viviendas-en-espana-por-extranjeros-extracomunitarios-no-residentes\\\/\"},\"author\":{\"name\":\"Jose Castellano Fernandez\",\"@id\":\"https:\\\/\\\/perezdevargas.es\\\/es\\\/#\\\/schema\\\/person\\\/e4e1ac674354988ec8bbe4529b1c5bc1\"},\"headline\":\"Anuncio relativo al incremento de los impuestos, en la adquisici\u00f3n de viviendas en espa\u00f1a, por extranjeros extracomunitarios, no residentes.\",\"datePublished\":\"2025-01-21T16:18:03+00:00\",\"dateModified\":\"2025-01-21T16:20:25+00:00\",\"mainEntityOfPage\":{\"@id\":\"https:\\\/\\\/perezdevargas.es\\\/es\\\/blog\\\/anuncio-relativo-al-incremento-de-los-impuestos-en-la-adquisicion-de-viviendas-en-espana-por-extranjeros-extracomunitarios-no-residentes\\\/\"},\"wordCount\":940,\"commentCount\":0,\"publisher\":{\"@id\":\"https:\\\/\\\/perezdevargas.es\\\/es\\\/#organization\"},\"image\":{\"@id\":\"https:\\\/\\\/perezdevargas.es\\\/es\\\/blog\\\/anuncio-relativo-al-incremento-de-los-impuestos-en-la-adquisicion-de-viviendas-en-espana-por-extranjeros-extracomunitarios-no-residentes\\\/#primaryimage\"},\"thumbnailUrl\":\"https:\\\/\\\/perezdevargas.es\\\/wp-content\\\/uploads\\\/2025\\\/01\\\/shutterstock_2280753913.jpg\",\"articleSection\":[\"Art\u00edculos de opini\u00f3n\",\"\u00daltimas noticias\"],\"inLanguage\":\"es\",\"potentialAction\":[{\"@type\":\"CommentAction\",\"name\":\"Comment\",\"target\":[\"https:\\\/\\\/perezdevargas.es\\\/es\\\/blog\\\/anuncio-relativo-al-incremento-de-los-impuestos-en-la-adquisicion-de-viviendas-en-espana-por-extranjeros-extracomunitarios-no-residentes\\\/#respond\"]}]},{\"@type\":\"WebPage\",\"@id\":\"https:\\\/\\\/perezdevargas.es\\\/es\\\/blog\\\/anuncio-relativo-al-incremento-de-los-impuestos-en-la-adquisicion-de-viviendas-en-espana-por-extranjeros-extracomunitarios-no-residentes\\\/\",\"url\":\"https:\\\/\\\/perezdevargas.es\\\/es\\\/blog\\\/anuncio-relativo-al-incremento-de-los-impuestos-en-la-adquisicion-de-viviendas-en-espana-por-extranjeros-extracomunitarios-no-residentes\\\/\",\"name\":\"Anuncio relativo al incremento de los impuestos, en la adquisici\u00f3n de viviendas en espa\u00f1a, por extranjeros extracomunitarios, no residentes. | P\u00e9rez de Vargas\",\"isPartOf\":{\"@id\":\"https:\\\/\\\/perezdevargas.es\\\/es\\\/#website\"},\"primaryImageOfPage\":{\"@id\":\"https:\\\/\\\/perezdevargas.es\\\/es\\\/blog\\\/anuncio-relativo-al-incremento-de-los-impuestos-en-la-adquisicion-de-viviendas-en-espana-por-extranjeros-extracomunitarios-no-residentes\\\/#primaryimage\"},\"image\":{\"@id\":\"https:\\\/\\\/perezdevargas.es\\\/es\\\/blog\\\/anuncio-relativo-al-incremento-de-los-impuestos-en-la-adquisicion-de-viviendas-en-espana-por-extranjeros-extracomunitarios-no-residentes\\\/#primaryimage\"},\"thumbnailUrl\":\"https:\\\/\\\/perezdevargas.es\\\/wp-content\\\/uploads\\\/2025\\\/01\\\/shutterstock_2280753913.jpg\",\"datePublished\":\"2025-01-21T16:18:03+00:00\",\"dateModified\":\"2025-01-21T16:20:25+00:00\",\"description\":\"El Presidente del Gobierno anuncia, ante los medios de comunicaci\u00f3n, la implantaci\u00f3n, de una medida, entre otras, consistente en incrementar los impuestos\",\"breadcrumb\":{\"@id\":\"https:\\\/\\\/perezdevargas.es\\\/es\\\/blog\\\/anuncio-relativo-al-incremento-de-los-impuestos-en-la-adquisicion-de-viviendas-en-espana-por-extranjeros-extracomunitarios-no-residentes\\\/#breadcrumb\"},\"inLanguage\":\"es\",\"potentialAction\":[{\"@type\":\"ReadAction\",\"target\":[\"https:\\\/\\\/perezdevargas.es\\\/es\\\/blog\\\/anuncio-relativo-al-incremento-de-los-impuestos-en-la-adquisicion-de-viviendas-en-espana-por-extranjeros-extracomunitarios-no-residentes\\\/\"]}]},{\"@type\":\"ImageObject\",\"inLanguage\":\"es\",\"@id\":\"https:\\\/\\\/perezdevargas.es\\\/es\\\/blog\\\/anuncio-relativo-al-incremento-de-los-impuestos-en-la-adquisicion-de-viviendas-en-espana-por-extranjeros-extracomunitarios-no-residentes\\\/#primaryimage\",\"url\":\"https:\\\/\\\/perezdevargas.es\\\/wp-content\\\/uploads\\\/2025\\\/01\\\/shutterstock_2280753913.jpg\",\"contentUrl\":\"https:\\\/\\\/perezdevargas.es\\\/wp-content\\\/uploads\\\/2025\\\/01\\\/shutterstock_2280753913.jpg\",\"width\":500,\"height\":334},{\"@type\":\"BreadcrumbList\",\"@id\":\"https:\\\/\\\/perezdevargas.es\\\/es\\\/blog\\\/anuncio-relativo-al-incremento-de-los-impuestos-en-la-adquisicion-de-viviendas-en-espana-por-extranjeros-extracomunitarios-no-residentes\\\/#breadcrumb\",\"itemListElement\":[{\"@type\":\"ListItem\",\"position\":1,\"name\":\"Portada\",\"item\":\"https:\\\/\\\/perezdevargas.es\\\/es\\\/\"},{\"@type\":\"ListItem\",\"position\":2,\"name\":\"Anuncio relativo al incremento de los impuestos, en la adquisici\u00f3n de viviendas en espa\u00f1a, por extranjeros extracomunitarios, no residentes.\"}]},{\"@type\":\"WebSite\",\"@id\":\"https:\\\/\\\/perezdevargas.es\\\/es\\\/#website\",\"url\":\"https:\\\/\\\/perezdevargas.es\\\/es\\\/\",\"name\":\"P\u00e9rez de Vargas\",\"description\":\"\",\"publisher\":{\"@id\":\"https:\\\/\\\/perezdevargas.es\\\/es\\\/#organization\"},\"potentialAction\":[{\"@type\":\"SearchAction\",\"target\":{\"@type\":\"EntryPoint\",\"urlTemplate\":\"https:\\\/\\\/perezdevargas.es\\\/es\\\/?s={search_term_string}\"},\"query-input\":{\"@type\":\"PropertyValueSpecification\",\"valueRequired\":true,\"valueName\":\"search_term_string\"}}],\"inLanguage\":\"es\"},{\"@type\":\"Organization\",\"@id\":\"https:\\\/\\\/perezdevargas.es\\\/es\\\/#organization\",\"name\":\"P\u00e9rez de Vargas\",\"url\":\"https:\\\/\\\/perezdevargas.es\\\/es\\\/\",\"logo\":{\"@type\":\"ImageObject\",\"inLanguage\":\"es\",\"@id\":\"https:\\\/\\\/perezdevargas.es\\\/es\\\/#\\\/schema\\\/logo\\\/image\\\/\",\"url\":\"https:\\\/\\\/perezdevargas.es\\\/wp-content\\\/uploads\\\/2025\\\/04\\\/Diseno-sin-titulo-91-1.jpg\",\"contentUrl\":\"https:\\\/\\\/perezdevargas.es\\\/wp-content\\\/uploads\\\/2025\\\/04\\\/Diseno-sin-titulo-91-1.jpg\",\"width\":500,\"height\":500,\"caption\":\"P\u00e9rez de Vargas\"},\"image\":{\"@id\":\"https:\\\/\\\/perezdevargas.es\\\/es\\\/#\\\/schema\\\/logo\\\/image\\\/\"},\"sameAs\":[\"https:\\\/\\\/www.facebook.com\\\/perezdevargasabogados\\\/\",\"https:\\\/\\\/www.instagram.com\\\/perezdevargasabogados\\\/\"]},{\"@type\":\"Person\",\"@id\":\"https:\\\/\\\/perezdevargas.es\\\/es\\\/#\\\/schema\\\/person\\\/e4e1ac674354988ec8bbe4529b1c5bc1\",\"name\":\"Jose Castellano Fernandez\",\"image\":{\"@type\":\"ImageObject\",\"inLanguage\":\"es\",\"@id\":\"https:\\\/\\\/secure.gravatar.com\\\/avatar\\\/d291efb688f2393d5ffd2c4adb34666a764b3dd0f5bc2e0fdb18927b565dd5db?s=96&d=mm&r=g\",\"url\":\"https:\\\/\\\/secure.gravatar.com\\\/avatar\\\/d291efb688f2393d5ffd2c4adb34666a764b3dd0f5bc2e0fdb18927b565dd5db?s=96&d=mm&r=g\",\"contentUrl\":\"https:\\\/\\\/secure.gravatar.com\\\/avatar\\\/d291efb688f2393d5ffd2c4adb34666a764b3dd0f5bc2e0fdb18927b565dd5db?s=96&d=mm&r=g\",\"caption\":\"Jose Castellano Fernandez\"}}]}<\/script>\n<!-- \/ Yoast SEO plugin. -->","yoast_head_json":{"title":"Anuncio relativo al incremento de los impuestos, en la adquisici\u00f3n de viviendas en espa\u00f1a, por extranjeros extracomunitarios, no residentes. | P\u00e9rez de Vargas","description":"El Presidente del Gobierno anuncia, ante los medios de comunicaci\u00f3n, la implantaci\u00f3n, de una medida, entre otras, consistente en incrementar los impuestos","robots":{"index":"index","follow":"follow","max-snippet":"max-snippet:-1","max-image-preview":"max-image-preview:large","max-video-preview":"max-video-preview:-1"},"canonical":"https:\/\/perezdevargas.es\/es\/blog\/anuncio-relativo-al-incremento-de-los-impuestos-en-la-adquisicion-de-viviendas-en-espana-por-extranjeros-extracomunitarios-no-residentes\/","og_locale":"es_ES","og_type":"article","og_title":"Anuncio relativo al incremento de los impuestos, en la adquisici\u00f3n de viviendas en espa\u00f1a, por extranjeros extracomunitarios, no residentes. | P\u00e9rez de Vargas","og_description":"El Presidente del Gobierno anuncia, ante los medios de comunicaci\u00f3n, la implantaci\u00f3n, de una medida, entre otras, consistente en incrementar los impuestos","og_url":"https:\/\/perezdevargas.es\/es\/blog\/anuncio-relativo-al-incremento-de-los-impuestos-en-la-adquisicion-de-viviendas-en-espana-por-extranjeros-extracomunitarios-no-residentes\/","og_site_name":"P\u00e9rez de Vargas","article_publisher":"https:\/\/www.facebook.com\/perezdevargasabogados\/","article_published_time":"2025-01-21T16:18:03+00:00","article_modified_time":"2025-01-21T16:20:25+00:00","og_image":[{"width":500,"height":334,"url":"https:\/\/perezdevargas.es\/wp-content\/uploads\/2025\/01\/shutterstock_2280753913.jpg","type":"image\/jpeg"}],"author":"Jose Castellano Fernandez","twitter_card":"summary_large_image","twitter_misc":{"Escrito por":"Jose Castellano Fernandez","Tiempo de lectura":"5 minutos"},"schema":{"@context":"https:\/\/schema.org","@graph":[{"@type":"Article","@id":"https:\/\/perezdevargas.es\/es\/blog\/anuncio-relativo-al-incremento-de-los-impuestos-en-la-adquisicion-de-viviendas-en-espana-por-extranjeros-extracomunitarios-no-residentes\/#article","isPartOf":{"@id":"https:\/\/perezdevargas.es\/es\/blog\/anuncio-relativo-al-incremento-de-los-impuestos-en-la-adquisicion-de-viviendas-en-espana-por-extranjeros-extracomunitarios-no-residentes\/"},"author":{"name":"Jose Castellano Fernandez","@id":"https:\/\/perezdevargas.es\/es\/#\/schema\/person\/e4e1ac674354988ec8bbe4529b1c5bc1"},"headline":"Anuncio relativo al incremento de los impuestos, en la adquisici\u00f3n de viviendas en espa\u00f1a, por extranjeros extracomunitarios, no residentes.","datePublished":"2025-01-21T16:18:03+00:00","dateModified":"2025-01-21T16:20:25+00:00","mainEntityOfPage":{"@id":"https:\/\/perezdevargas.es\/es\/blog\/anuncio-relativo-al-incremento-de-los-impuestos-en-la-adquisicion-de-viviendas-en-espana-por-extranjeros-extracomunitarios-no-residentes\/"},"wordCount":940,"commentCount":0,"publisher":{"@id":"https:\/\/perezdevargas.es\/es\/#organization"},"image":{"@id":"https:\/\/perezdevargas.es\/es\/blog\/anuncio-relativo-al-incremento-de-los-impuestos-en-la-adquisicion-de-viviendas-en-espana-por-extranjeros-extracomunitarios-no-residentes\/#primaryimage"},"thumbnailUrl":"https:\/\/perezdevargas.es\/wp-content\/uploads\/2025\/01\/shutterstock_2280753913.jpg","articleSection":["Art\u00edculos de opini\u00f3n","\u00daltimas noticias"],"inLanguage":"es","potentialAction":[{"@type":"CommentAction","name":"Comment","target":["https:\/\/perezdevargas.es\/es\/blog\/anuncio-relativo-al-incremento-de-los-impuestos-en-la-adquisicion-de-viviendas-en-espana-por-extranjeros-extracomunitarios-no-residentes\/#respond"]}]},{"@type":"WebPage","@id":"https:\/\/perezdevargas.es\/es\/blog\/anuncio-relativo-al-incremento-de-los-impuestos-en-la-adquisicion-de-viviendas-en-espana-por-extranjeros-extracomunitarios-no-residentes\/","url":"https:\/\/perezdevargas.es\/es\/blog\/anuncio-relativo-al-incremento-de-los-impuestos-en-la-adquisicion-de-viviendas-en-espana-por-extranjeros-extracomunitarios-no-residentes\/","name":"Anuncio relativo al incremento de los impuestos, en la adquisici\u00f3n de viviendas en espa\u00f1a, por extranjeros extracomunitarios, no residentes. | P\u00e9rez de Vargas","isPartOf":{"@id":"https:\/\/perezdevargas.es\/es\/#website"},"primaryImageOfPage":{"@id":"https:\/\/perezdevargas.es\/es\/blog\/anuncio-relativo-al-incremento-de-los-impuestos-en-la-adquisicion-de-viviendas-en-espana-por-extranjeros-extracomunitarios-no-residentes\/#primaryimage"},"image":{"@id":"https:\/\/perezdevargas.es\/es\/blog\/anuncio-relativo-al-incremento-de-los-impuestos-en-la-adquisicion-de-viviendas-en-espana-por-extranjeros-extracomunitarios-no-residentes\/#primaryimage"},"thumbnailUrl":"https:\/\/perezdevargas.es\/wp-content\/uploads\/2025\/01\/shutterstock_2280753913.jpg","datePublished":"2025-01-21T16:18:03+00:00","dateModified":"2025-01-21T16:20:25+00:00","description":"El Presidente del Gobierno anuncia, ante los medios de comunicaci\u00f3n, la implantaci\u00f3n, de una medida, entre otras, consistente en incrementar los impuestos","breadcrumb":{"@id":"https:\/\/perezdevargas.es\/es\/blog\/anuncio-relativo-al-incremento-de-los-impuestos-en-la-adquisicion-de-viviendas-en-espana-por-extranjeros-extracomunitarios-no-residentes\/#breadcrumb"},"inLanguage":"es","potentialAction":[{"@type":"ReadAction","target":["https:\/\/perezdevargas.es\/es\/blog\/anuncio-relativo-al-incremento-de-los-impuestos-en-la-adquisicion-de-viviendas-en-espana-por-extranjeros-extracomunitarios-no-residentes\/"]}]},{"@type":"ImageObject","inLanguage":"es","@id":"https:\/\/perezdevargas.es\/es\/blog\/anuncio-relativo-al-incremento-de-los-impuestos-en-la-adquisicion-de-viviendas-en-espana-por-extranjeros-extracomunitarios-no-residentes\/#primaryimage","url":"https:\/\/perezdevargas.es\/wp-content\/uploads\/2025\/01\/shutterstock_2280753913.jpg","contentUrl":"https:\/\/perezdevargas.es\/wp-content\/uploads\/2025\/01\/shutterstock_2280753913.jpg","width":500,"height":334},{"@type":"BreadcrumbList","@id":"https:\/\/perezdevargas.es\/es\/blog\/anuncio-relativo-al-incremento-de-los-impuestos-en-la-adquisicion-de-viviendas-en-espana-por-extranjeros-extracomunitarios-no-residentes\/#breadcrumb","itemListElement":[{"@type":"ListItem","position":1,"name":"Portada","item":"https:\/\/perezdevargas.es\/es\/"},{"@type":"ListItem","position":2,"name":"Anuncio relativo al incremento de los impuestos, en la adquisici\u00f3n de viviendas en espa\u00f1a, por extranjeros extracomunitarios, no residentes."}]},{"@type":"WebSite","@id":"https:\/\/perezdevargas.es\/es\/#website","url":"https:\/\/perezdevargas.es\/es\/","name":"P\u00e9rez de Vargas","description":"","publisher":{"@id":"https:\/\/perezdevargas.es\/es\/#organization"},"potentialAction":[{"@type":"SearchAction","target":{"@type":"EntryPoint","urlTemplate":"https:\/\/perezdevargas.es\/es\/?s={search_term_string}"},"query-input":{"@type":"PropertyValueSpecification","valueRequired":true,"valueName":"search_term_string"}}],"inLanguage":"es"},{"@type":"Organization","@id":"https:\/\/perezdevargas.es\/es\/#organization","name":"P\u00e9rez de Vargas","url":"https:\/\/perezdevargas.es\/es\/","logo":{"@type":"ImageObject","inLanguage":"es","@id":"https:\/\/perezdevargas.es\/es\/#\/schema\/logo\/image\/","url":"https:\/\/perezdevargas.es\/wp-content\/uploads\/2025\/04\/Diseno-sin-titulo-91-1.jpg","contentUrl":"https:\/\/perezdevargas.es\/wp-content\/uploads\/2025\/04\/Diseno-sin-titulo-91-1.jpg","width":500,"height":500,"caption":"P\u00e9rez de Vargas"},"image":{"@id":"https:\/\/perezdevargas.es\/es\/#\/schema\/logo\/image\/"},"sameAs":["https:\/\/www.facebook.com\/perezdevargasabogados\/","https:\/\/www.instagram.com\/perezdevargasabogados\/"]},{"@type":"Person","@id":"https:\/\/perezdevargas.es\/es\/#\/schema\/person\/e4e1ac674354988ec8bbe4529b1c5bc1","name":"Jose Castellano Fernandez","image":{"@type":"ImageObject","inLanguage":"es","@id":"https:\/\/secure.gravatar.com\/avatar\/d291efb688f2393d5ffd2c4adb34666a764b3dd0f5bc2e0fdb18927b565dd5db?s=96&d=mm&r=g","url":"https:\/\/secure.gravatar.com\/avatar\/d291efb688f2393d5ffd2c4adb34666a764b3dd0f5bc2e0fdb18927b565dd5db?s=96&d=mm&r=g","contentUrl":"https:\/\/secure.gravatar.com\/avatar\/d291efb688f2393d5ffd2c4adb34666a764b3dd0f5bc2e0fdb18927b565dd5db?s=96&d=mm&r=g","caption":"Jose Castellano Fernandez"}}]}},"_links":{"self":[{"href":"https:\/\/perezdevargas.es\/es\/wp-json\/wp\/v2\/posts\/67530","targetHints":{"allow":["GET"]}}],"collection":[{"href":"https:\/\/perezdevargas.es\/es\/wp-json\/wp\/v2\/posts"}],"about":[{"href":"https:\/\/perezdevargas.es\/es\/wp-json\/wp\/v2\/types\/post"}],"author":[{"embeddable":true,"href":"https:\/\/perezdevargas.es\/es\/wp-json\/wp\/v2\/users\/7"}],"replies":[{"embeddable":true,"href":"https:\/\/perezdevargas.es\/es\/wp-json\/wp\/v2\/comments?post=67530"}],"version-history":[{"count":3,"href":"https:\/\/perezdevargas.es\/es\/wp-json\/wp\/v2\/posts\/67530\/revisions"}],"predecessor-version":[{"id":67606,"href":"https:\/\/perezdevargas.es\/es\/wp-json\/wp\/v2\/posts\/67530\/revisions\/67606"}],"wp:featuredmedia":[{"embeddable":true,"href":"https:\/\/perezdevargas.es\/es\/wp-json\/wp\/v2\/media\/67535"}],"wp:attachment":[{"href":"https:\/\/perezdevargas.es\/es\/wp-json\/wp\/v2\/media?parent=67530"}],"wp:term":[{"taxonomy":"category","embeddable":true,"href":"https:\/\/perezdevargas.es\/es\/wp-json\/wp\/v2\/categories?post=67530"},{"taxonomy":"post_tag","embeddable":true,"href":"https:\/\/perezdevargas.es\/es\/wp-json\/wp\/v2\/tags?post=67530"}],"curies":[{"name":"wp","href":"https:\/\/api.w.org\/{rel}","templated":true}]}}