{"id":716,"date":"2015-07-01T00:00:00","date_gmt":"2015-07-01T00:00:00","guid":{"rendered":"http:\/\/public.kiboserver.com\/perezdevargas\/justicia-estudiara-un-texto-alternativo-al-articulo-520-1-de-la-lecrim\/"},"modified":"2019-05-30T15:34:29","modified_gmt":"2019-05-30T15:34:29","slug":"justicia-estudiara-texto-alternativo-articulo-520-1-lecrim","status":"publish","type":"post","link":"https:\/\/perezdevargas.es\/es\/blog\/justicia-estudiara-texto-alternativo-articulo-520-1-lecrim\/","title":{"rendered":"Justicia estudiar\u00e1 un texto alternativo al art\u00edculo 520.1 de la LECrim"},"content":{"rendered":"<p>Catal\u00e1 se ha reunido con representantes de la Federaci\u00f3n de Asociaciones de Periodistas de Espa\u00f1a, la Asociaci\u00f3n de Editores de Diarios Espa\u00f1oles y el Foro de Organizaciones de Periodistas ante los que se ha comprometido a estudiar la posibilidad de mejorar la redacci\u00f3n del art\u00edculo 520.1 de la LECrim.<\/p>\n<p><a href=\"https:\/\/elderecho.com\/justicia-estudiara-un-texto-alternativo-al-articulo-520-1-de-la-lecrim#\"><span style=\"color: #0000ff;\"><strong>Ver noticias completa<\/strong><\/span><\/a><\/p>\n","protected":false},"excerpt":{"rendered":"<p>Catal\u00e1 se ha reunido con representantes de la Federaci\u00f3n de Asociaciones de Periodistas de Espa\u00f1a, la Asociaci\u00f3n de Editores de [&hellip;]<\/p>\n","protected":false},"author":16,"featured_media":0,"comment_status":"open","ping_status":"open","sticky":false,"template":"","format":"standard","meta":{"site-sidebar-layout":"default","site-content-layout":"","ast-site-content-layout":"default","site-content-style":"default","site-sidebar-style":"default","ast-global-header-display":"","ast-banner-title-visibility":"","ast-main-header-display":"","ast-hfb-above-header-display":"","ast-hfb-below-header-display":"","ast-hfb-mobile-header-display":"","site-post-title":"","ast-breadcrumbs-content":"","ast-featured-img":"","footer-sml-layout":"","ast-disable-related-posts":"","theme-transparent-header-meta":"","adv-header-id-meta":"","stick-header-meta":"","header-above-stick-meta":"","header-main-stick-meta":"","header-below-stick-meta":"","astra-migrate-meta-layouts":"default","ast-page-background-enabled":"default","ast-page-background-meta":{"desktop":{"background-color":"var(--ast-global-color-4)","background-image":"","background-repeat":"repeat","background-position":"center center","background-size":"auto","background-attachment":"scroll","background-type":"","background-media":"","overlay-type":"","overlay-color":"","overlay-opacity":"","overlay-gradient":""},"tablet":{"background-color":"","background-image":"","background-repeat":"repeat","background-position":"center center","background-size":"auto","background-attachment":"scroll","background-type":"","background-media":"","overlay-type":"","overlay-color":"","overlay-opacity":"","overlay-gradient":""},"mobile":{"background-color":"","background-image":"","background-repeat":"repeat","background-position":"center center","background-size":"auto","background-attachment":"scroll","background-type":"","background-media":"","overlay-type":"","overlay-color":"","overlay-opacity":"","overlay-gradient":""}},"ast-content-background-meta":{"desktop":{"background-color":"var(--ast-global-color-5)","background-image":"","background-repeat":"repeat","background-position":"center center","background-size":"auto","background-attachment":"scroll","background-type":"","background-media":"","overlay-type":"","overlay-color":"","overlay-opacity":"","overlay-gradient":""},"tablet":{"background-color":"var(--ast-global-color-5)","background-image":"","background-repeat":"repeat","background-position":"center center","background-size":"auto","background-attachment":"scroll","background-type":"","background-media":"","overlay-type":"","overlay-color":"","overlay-opacity":"","overlay-gradient":""},"mobile":{"background-color":"var(--ast-global-color-5)","background-image":"","background-repeat":"repeat","background-position":"center center","background-size":"auto","background-attachment":"scroll","background-type":"","background-media":"","overlay-type":"","overlay-color":"","overlay-opacity":"","overlay-gradient":""}},"footnotes":""},"categories":[6],"tags":[219,220,221],"class_list":["post-716","post","type-post","status-publish","format-standard","hentry","category-ultimas-noticias","tag-articulo-520-2","tag-lecrim","tag-texto-alternativo"],"yoast_head":"<!-- This site is optimized with the Yoast SEO plugin v27.4 - https:\/\/yoast.com\/product\/yoast-seo-wordpress\/ -->\n<title>Justicia estudiar\u00e1 texto alternativo al art. 520.1 de la LECrim<\/title>\n<meta name=\"description\" content=\"Catal\u00e1 se ha reunido con representantes de la Federaci\u00f3n de Asociaciones de Periodistas de Espa\u00f1a, la Asociaci\u00f3n de Editores de Diarios Espa\u00f1oles y el\" \/>\n<meta name=\"robots\" content=\"index, follow, max-snippet:-1, max-image-preview:large, max-video-preview:-1\" \/>\n<link rel=\"canonical\" href=\"https:\/\/perezdevargas.es\/es\/blog\/justicia-estudiara-texto-alternativo-articulo-520-1-lecrim\/\" \/>\n<meta property=\"og:locale\" content=\"es_ES\" \/>\n<meta property=\"og:type\" content=\"article\" \/>\n<meta property=\"og:title\" content=\"Justicia estudiar\u00e1 texto alternativo al art. 520.1 de la LECrim\" \/>\n<meta property=\"og:description\" content=\"Catal\u00e1 se ha reunido con representantes de la Federaci\u00f3n de Asociaciones de Periodistas de Espa\u00f1a, la Asociaci\u00f3n de Editores de Diarios Espa\u00f1oles y el\" \/>\n<meta property=\"og:url\" content=\"https:\/\/perezdevargas.es\/es\/blog\/justicia-estudiara-texto-alternativo-articulo-520-1-lecrim\/\" \/>\n<meta property=\"og:site_name\" content=\"P\u00e9rez de Vargas\" \/>\n<meta property=\"article:publisher\" content=\"https:\/\/www.facebook.com\/perezdevargasabogados\/\" \/>\n<meta property=\"article:published_time\" content=\"2015-07-01T00:00:00+00:00\" \/>\n<meta property=\"article:modified_time\" content=\"2019-05-30T15:34:29+00:00\" \/>\n<meta name=\"author\" content=\"Ignacio Perez De Vargas L\u00f3pez\" \/>\n<meta name=\"twitter:card\" content=\"summary_large_image\" \/>\n<meta name=\"twitter:label1\" content=\"Escrito por\" \/>\n\t<meta name=\"twitter:data1\" content=\"Ignacio Perez De Vargas L\u00f3pez\" \/>\n<script type=\"application\/ld+json\" class=\"yoast-schema-graph\">{\"@context\":\"https:\\\/\\\/schema.org\",\"@graph\":[{\"@type\":\"Article\",\"@id\":\"https:\\\/\\\/perezdevargas.es\\\/es\\\/blog\\\/justicia-estudiara-texto-alternativo-articulo-520-1-lecrim\\\/#article\",\"isPartOf\":{\"@id\":\"https:\\\/\\\/perezdevargas.es\\\/es\\\/blog\\\/justicia-estudiara-texto-alternativo-articulo-520-1-lecrim\\\/\"},\"author\":{\"name\":\"Ignacio Perez De Vargas L\u00f3pez\",\"@id\":\"https:\\\/\\\/perezdevargas.es\\\/es\\\/#\\\/schema\\\/person\\\/611211dbdb6053735477d8cfeb31aecb\"},\"headline\":\"Justicia estudiar\u00e1 un texto alternativo al art\u00edculo 520.1 de la LECrim\",\"datePublished\":\"2015-07-01T00:00:00+00:00\",\"dateModified\":\"2019-05-30T15:34:29+00:00\",\"mainEntityOfPage\":{\"@id\":\"https:\\\/\\\/perezdevargas.es\\\/es\\\/blog\\\/justicia-estudiara-texto-alternativo-articulo-520-1-lecrim\\\/\"},\"wordCount\":68,\"commentCount\":0,\"publisher\":{\"@id\":\"https:\\\/\\\/perezdevargas.es\\\/es\\\/#organization\"},\"keywords\":[\"articulo 520.2\",\"LeCrim\",\"texto alternativo\"],\"articleSection\":[\"\u00daltimas noticias\"],\"inLanguage\":\"es\",\"potentialAction\":[{\"@type\":\"CommentAction\",\"name\":\"Comment\",\"target\":[\"https:\\\/\\\/perezdevargas.es\\\/es\\\/blog\\\/justicia-estudiara-texto-alternativo-articulo-520-1-lecrim\\\/#respond\"]}]},{\"@type\":\"WebPage\",\"@id\":\"https:\\\/\\\/perezdevargas.es\\\/es\\\/blog\\\/justicia-estudiara-texto-alternativo-articulo-520-1-lecrim\\\/\",\"url\":\"https:\\\/\\\/perezdevargas.es\\\/es\\\/blog\\\/justicia-estudiara-texto-alternativo-articulo-520-1-lecrim\\\/\",\"name\":\"Justicia estudiar\u00e1 texto alternativo al art. 520.1 de la LECrim\",\"isPartOf\":{\"@id\":\"https:\\\/\\\/perezdevargas.es\\\/es\\\/#website\"},\"datePublished\":\"2015-07-01T00:00:00+00:00\",\"dateModified\":\"2019-05-30T15:34:29+00:00\",\"description\":\"Catal\u00e1 se ha reunido con representantes de la Federaci\u00f3n de Asociaciones de Periodistas de Espa\u00f1a, la Asociaci\u00f3n de Editores de Diarios Espa\u00f1oles y el\",\"breadcrumb\":{\"@id\":\"https:\\\/\\\/perezdevargas.es\\\/es\\\/blog\\\/justicia-estudiara-texto-alternativo-articulo-520-1-lecrim\\\/#breadcrumb\"},\"inLanguage\":\"es\",\"potentialAction\":[{\"@type\":\"ReadAction\",\"target\":[\"https:\\\/\\\/perezdevargas.es\\\/es\\\/blog\\\/justicia-estudiara-texto-alternativo-articulo-520-1-lecrim\\\/\"]}]},{\"@type\":\"BreadcrumbList\",\"@id\":\"https:\\\/\\\/perezdevargas.es\\\/es\\\/blog\\\/justicia-estudiara-texto-alternativo-articulo-520-1-lecrim\\\/#breadcrumb\",\"itemListElement\":[{\"@type\":\"ListItem\",\"position\":1,\"name\":\"Portada\",\"item\":\"https:\\\/\\\/perezdevargas.es\\\/es\\\/\"},{\"@type\":\"ListItem\",\"position\":2,\"name\":\"Justicia estudiar\u00e1 un texto alternativo al art\u00edculo 520.1 de la LECrim\"}]},{\"@type\":\"WebSite\",\"@id\":\"https:\\\/\\\/perezdevargas.es\\\/es\\\/#website\",\"url\":\"https:\\\/\\\/perezdevargas.es\\\/es\\\/\",\"name\":\"P\u00e9rez de Vargas\",\"description\":\"\",\"publisher\":{\"@id\":\"https:\\\/\\\/perezdevargas.es\\\/es\\\/#organization\"},\"potentialAction\":[{\"@type\":\"SearchAction\",\"target\":{\"@type\":\"EntryPoint\",\"urlTemplate\":\"https:\\\/\\\/perezdevargas.es\\\/es\\\/?s={search_term_string}\"},\"query-input\":{\"@type\":\"PropertyValueSpecification\",\"valueRequired\":true,\"valueName\":\"search_term_string\"}}],\"inLanguage\":\"es\"},{\"@type\":\"Organization\",\"@id\":\"https:\\\/\\\/perezdevargas.es\\\/es\\\/#organization\",\"name\":\"P\u00e9rez de Vargas\",\"url\":\"https:\\\/\\\/perezdevargas.es\\\/es\\\/\",\"logo\":{\"@type\":\"ImageObject\",\"inLanguage\":\"es\",\"@id\":\"https:\\\/\\\/perezdevargas.es\\\/es\\\/#\\\/schema\\\/logo\\\/image\\\/\",\"url\":\"https:\\\/\\\/perezdevargas.es\\\/wp-content\\\/uploads\\\/2025\\\/04\\\/Diseno-sin-titulo-91-1.jpg\",\"contentUrl\":\"https:\\\/\\\/perezdevargas.es\\\/wp-content\\\/uploads\\\/2025\\\/04\\\/Diseno-sin-titulo-91-1.jpg\",\"width\":500,\"height\":500,\"caption\":\"P\u00e9rez de Vargas\"},\"image\":{\"@id\":\"https:\\\/\\\/perezdevargas.es\\\/es\\\/#\\\/schema\\\/logo\\\/image\\\/\"},\"sameAs\":[\"https:\\\/\\\/www.facebook.com\\\/perezdevargasabogados\\\/\",\"https:\\\/\\\/www.instagram.com\\\/perezdevargasabogados\\\/\"]},{\"@type\":\"Person\",\"@id\":\"https:\\\/\\\/perezdevargas.es\\\/es\\\/#\\\/schema\\\/person\\\/611211dbdb6053735477d8cfeb31aecb\",\"name\":\"Ignacio Perez De Vargas L\u00f3pez\",\"image\":{\"@type\":\"ImageObject\",\"inLanguage\":\"es\",\"@id\":\"https:\\\/\\\/secure.gravatar.com\\\/avatar\\\/c3ebf1e9e35622537b1d774444fae42143f87ef9d1f06ea53c631f3a29b19019?s=96&d=mm&r=g\",\"url\":\"https:\\\/\\\/secure.gravatar.com\\\/avatar\\\/c3ebf1e9e35622537b1d774444fae42143f87ef9d1f06ea53c631f3a29b19019?s=96&d=mm&r=g\",\"contentUrl\":\"https:\\\/\\\/secure.gravatar.com\\\/avatar\\\/c3ebf1e9e35622537b1d774444fae42143f87ef9d1f06ea53c631f3a29b19019?s=96&d=mm&r=g\",\"caption\":\"Ignacio Perez De Vargas L\u00f3pez\"}}]}<\/script>\n<!-- \/ Yoast SEO plugin. -->","yoast_head_json":{"title":"Justicia estudiar\u00e1 texto alternativo al art. 520.1 de la LECrim","description":"Catal\u00e1 se ha reunido con representantes de la Federaci\u00f3n de Asociaciones de Periodistas de Espa\u00f1a, la Asociaci\u00f3n de Editores de Diarios Espa\u00f1oles y el","robots":{"index":"index","follow":"follow","max-snippet":"max-snippet:-1","max-image-preview":"max-image-preview:large","max-video-preview":"max-video-preview:-1"},"canonical":"https:\/\/perezdevargas.es\/es\/blog\/justicia-estudiara-texto-alternativo-articulo-520-1-lecrim\/","og_locale":"es_ES","og_type":"article","og_title":"Justicia estudiar\u00e1 texto alternativo al art. 520.1 de la LECrim","og_description":"Catal\u00e1 se ha reunido con representantes de la Federaci\u00f3n de Asociaciones de Periodistas de Espa\u00f1a, la Asociaci\u00f3n de Editores de Diarios Espa\u00f1oles y el","og_url":"https:\/\/perezdevargas.es\/es\/blog\/justicia-estudiara-texto-alternativo-articulo-520-1-lecrim\/","og_site_name":"P\u00e9rez de Vargas","article_publisher":"https:\/\/www.facebook.com\/perezdevargasabogados\/","article_published_time":"2015-07-01T00:00:00+00:00","article_modified_time":"2019-05-30T15:34:29+00:00","author":"Ignacio Perez De Vargas L\u00f3pez","twitter_card":"summary_large_image","twitter_misc":{"Escrito por":"Ignacio Perez De Vargas L\u00f3pez"},"schema":{"@context":"https:\/\/schema.org","@graph":[{"@type":"Article","@id":"https:\/\/perezdevargas.es\/es\/blog\/justicia-estudiara-texto-alternativo-articulo-520-1-lecrim\/#article","isPartOf":{"@id":"https:\/\/perezdevargas.es\/es\/blog\/justicia-estudiara-texto-alternativo-articulo-520-1-lecrim\/"},"author":{"name":"Ignacio Perez De Vargas L\u00f3pez","@id":"https:\/\/perezdevargas.es\/es\/#\/schema\/person\/611211dbdb6053735477d8cfeb31aecb"},"headline":"Justicia estudiar\u00e1 un texto alternativo al art\u00edculo 520.1 de la LECrim","datePublished":"2015-07-01T00:00:00+00:00","dateModified":"2019-05-30T15:34:29+00:00","mainEntityOfPage":{"@id":"https:\/\/perezdevargas.es\/es\/blog\/justicia-estudiara-texto-alternativo-articulo-520-1-lecrim\/"},"wordCount":68,"commentCount":0,"publisher":{"@id":"https:\/\/perezdevargas.es\/es\/#organization"},"keywords":["articulo 520.2","LeCrim","texto alternativo"],"articleSection":["\u00daltimas noticias"],"inLanguage":"es","potentialAction":[{"@type":"CommentAction","name":"Comment","target":["https:\/\/perezdevargas.es\/es\/blog\/justicia-estudiara-texto-alternativo-articulo-520-1-lecrim\/#respond"]}]},{"@type":"WebPage","@id":"https:\/\/perezdevargas.es\/es\/blog\/justicia-estudiara-texto-alternativo-articulo-520-1-lecrim\/","url":"https:\/\/perezdevargas.es\/es\/blog\/justicia-estudiara-texto-alternativo-articulo-520-1-lecrim\/","name":"Justicia estudiar\u00e1 texto alternativo al art. 520.1 de la LECrim","isPartOf":{"@id":"https:\/\/perezdevargas.es\/es\/#website"},"datePublished":"2015-07-01T00:00:00+00:00","dateModified":"2019-05-30T15:34:29+00:00","description":"Catal\u00e1 se ha reunido con representantes de la Federaci\u00f3n de Asociaciones de Periodistas de Espa\u00f1a, la Asociaci\u00f3n de Editores de Diarios Espa\u00f1oles y el","breadcrumb":{"@id":"https:\/\/perezdevargas.es\/es\/blog\/justicia-estudiara-texto-alternativo-articulo-520-1-lecrim\/#breadcrumb"},"inLanguage":"es","potentialAction":[{"@type":"ReadAction","target":["https:\/\/perezdevargas.es\/es\/blog\/justicia-estudiara-texto-alternativo-articulo-520-1-lecrim\/"]}]},{"@type":"BreadcrumbList","@id":"https:\/\/perezdevargas.es\/es\/blog\/justicia-estudiara-texto-alternativo-articulo-520-1-lecrim\/#breadcrumb","itemListElement":[{"@type":"ListItem","position":1,"name":"Portada","item":"https:\/\/perezdevargas.es\/es\/"},{"@type":"ListItem","position":2,"name":"Justicia estudiar\u00e1 un texto alternativo al art\u00edculo 520.1 de la LECrim"}]},{"@type":"WebSite","@id":"https:\/\/perezdevargas.es\/es\/#website","url":"https:\/\/perezdevargas.es\/es\/","name":"P\u00e9rez de Vargas","description":"","publisher":{"@id":"https:\/\/perezdevargas.es\/es\/#organization"},"potentialAction":[{"@type":"SearchAction","target":{"@type":"EntryPoint","urlTemplate":"https:\/\/perezdevargas.es\/es\/?s={search_term_string}"},"query-input":{"@type":"PropertyValueSpecification","valueRequired":true,"valueName":"search_term_string"}}],"inLanguage":"es"},{"@type":"Organization","@id":"https:\/\/perezdevargas.es\/es\/#organization","name":"P\u00e9rez de Vargas","url":"https:\/\/perezdevargas.es\/es\/","logo":{"@type":"ImageObject","inLanguage":"es","@id":"https:\/\/perezdevargas.es\/es\/#\/schema\/logo\/image\/","url":"https:\/\/perezdevargas.es\/wp-content\/uploads\/2025\/04\/Diseno-sin-titulo-91-1.jpg","contentUrl":"https:\/\/perezdevargas.es\/wp-content\/uploads\/2025\/04\/Diseno-sin-titulo-91-1.jpg","width":500,"height":500,"caption":"P\u00e9rez de Vargas"},"image":{"@id":"https:\/\/perezdevargas.es\/es\/#\/schema\/logo\/image\/"},"sameAs":["https:\/\/www.facebook.com\/perezdevargasabogados\/","https:\/\/www.instagram.com\/perezdevargasabogados\/"]},{"@type":"Person","@id":"https:\/\/perezdevargas.es\/es\/#\/schema\/person\/611211dbdb6053735477d8cfeb31aecb","name":"Ignacio Perez De Vargas L\u00f3pez","image":{"@type":"ImageObject","inLanguage":"es","@id":"https:\/\/secure.gravatar.com\/avatar\/c3ebf1e9e35622537b1d774444fae42143f87ef9d1f06ea53c631f3a29b19019?s=96&d=mm&r=g","url":"https:\/\/secure.gravatar.com\/avatar\/c3ebf1e9e35622537b1d774444fae42143f87ef9d1f06ea53c631f3a29b19019?s=96&d=mm&r=g","contentUrl":"https:\/\/secure.gravatar.com\/avatar\/c3ebf1e9e35622537b1d774444fae42143f87ef9d1f06ea53c631f3a29b19019?s=96&d=mm&r=g","caption":"Ignacio Perez De Vargas L\u00f3pez"}}]}},"_links":{"self":[{"href":"https:\/\/perezdevargas.es\/es\/wp-json\/wp\/v2\/posts\/716","targetHints":{"allow":["GET"]}}],"collection":[{"href":"https:\/\/perezdevargas.es\/es\/wp-json\/wp\/v2\/posts"}],"about":[{"href":"https:\/\/perezdevargas.es\/es\/wp-json\/wp\/v2\/types\/post"}],"author":[{"embeddable":true,"href":"https:\/\/perezdevargas.es\/es\/wp-json\/wp\/v2\/users\/16"}],"replies":[{"embeddable":true,"href":"https:\/\/perezdevargas.es\/es\/wp-json\/wp\/v2\/comments?post=716"}],"version-history":[{"count":2,"href":"https:\/\/perezdevargas.es\/es\/wp-json\/wp\/v2\/posts\/716\/revisions"}],"predecessor-version":[{"id":2312,"href":"https:\/\/perezdevargas.es\/es\/wp-json\/wp\/v2\/posts\/716\/revisions\/2312"}],"wp:attachment":[{"href":"https:\/\/perezdevargas.es\/es\/wp-json\/wp\/v2\/media?parent=716"}],"wp:term":[{"taxonomy":"category","embeddable":true,"href":"https:\/\/perezdevargas.es\/es\/wp-json\/wp\/v2\/categories?post=716"},{"taxonomy":"post_tag","embeddable":true,"href":"https:\/\/perezdevargas.es\/es\/wp-json\/wp\/v2\/tags?post=716"}],"curies":[{"name":"wp","href":"https:\/\/api.w.org\/{rel}","templated":true}]}}