{"id":735,"date":"2015-11-09T00:00:00","date_gmt":"2015-11-09T00:00:00","guid":{"rendered":"http:\/\/public.kiboserver.com\/perezdevargas\/ampliacion-vigencia-del-impuesto-sobre-le-patrimonio-un-ano-mas\/"},"modified":"2019-05-29T08:46:37","modified_gmt":"2019-05-29T08:46:37","slug":"ampliacion-impuesto-patrimonio","status":"publish","type":"post","link":"https:\/\/perezdevargas.es\/es\/blog\/ampliacion-impuesto-patrimonio\/","title":{"rendered":"Ampliaci\u00f3n vigencia del Impuesto sobre el Patrimonio un a\u00f1o m\u00e1s"},"content":{"rendered":"<p>El pasado viernes 30 de octubre se public\u00f3 en el <a href=\"https:\/\/www.boe.es\/boe\/dias\/2015\/10\/30\/pdfs\/BOE-A-2015-11644.pdf\">BOE la Ley 48\/2015, de 29 de octubre, de Presupuestos Generales del Estado para el a\u00f1o 2016 <\/a>que se declara en 2017. A los efectos del mercado inmobiliario de no residentes no introduce cambios legislativos en materia tributaria, a excepci\u00f3n de ampliar un a\u00f1o m\u00e1s la vigencia del Impuesto sobre el Patrimonio (art\u00edculo 66 de la Ley de Presupuestos).<\/p>\n","protected":false},"excerpt":{"rendered":"<p>El pasado viernes 30 de octubre se public\u00f3 en el BOE la Ley 48\/2015, de 29 de octubre, de Presupuestos [&hellip;]<\/p>\n","protected":false},"author":16,"featured_media":1176,"comment_status":"open","ping_status":"open","sticky":false,"template":"","format":"standard","meta":{"site-sidebar-layout":"default","site-content-layout":"","ast-site-content-layout":"default","site-content-style":"default","site-sidebar-style":"default","ast-global-header-display":"","ast-banner-title-visibility":"","ast-main-header-display":"","ast-hfb-above-header-display":"","ast-hfb-below-header-display":"","ast-hfb-mobile-header-display":"","site-post-title":"","ast-breadcrumbs-content":"","ast-featured-img":"","footer-sml-layout":"","ast-disable-related-posts":"","theme-transparent-header-meta":"","adv-header-id-meta":"","stick-header-meta":"","header-above-stick-meta":"","header-main-stick-meta":"","header-below-stick-meta":"","astra-migrate-meta-layouts":"default","ast-page-background-enabled":"default","ast-page-background-meta":{"desktop":{"background-color":"var(--ast-global-color-4)","background-image":"","background-repeat":"repeat","background-position":"center center","background-size":"auto","background-attachment":"scroll","background-type":"","background-media":"","overlay-type":"","overlay-color":"","overlay-opacity":"","overlay-gradient":""},"tablet":{"background-color":"","background-image":"","background-repeat":"repeat","background-position":"center center","background-size":"auto","background-attachment":"scroll","background-type":"","background-media":"","overlay-type":"","overlay-color":"","overlay-opacity":"","overlay-gradient":""},"mobile":{"background-color":"","background-image":"","background-repeat":"repeat","background-position":"center center","background-size":"auto","background-attachment":"scroll","background-type":"","background-media":"","overlay-type":"","overlay-color":"","overlay-opacity":"","overlay-gradient":""}},"ast-content-background-meta":{"desktop":{"background-color":"var(--ast-global-color-5)","background-image":"","background-repeat":"repeat","background-position":"center center","background-size":"auto","background-attachment":"scroll","background-type":"","background-media":"","overlay-type":"","overlay-color":"","overlay-opacity":"","overlay-gradient":""},"tablet":{"background-color":"var(--ast-global-color-5)","background-image":"","background-repeat":"repeat","background-position":"center center","background-size":"auto","background-attachment":"scroll","background-type":"","background-media":"","overlay-type":"","overlay-color":"","overlay-opacity":"","overlay-gradient":""},"mobile":{"background-color":"var(--ast-global-color-5)","background-image":"","background-repeat":"repeat","background-position":"center center","background-size":"auto","background-attachment":"scroll","background-type":"","background-media":"","overlay-type":"","overlay-color":"","overlay-opacity":"","overlay-gradient":""}},"footnotes":""},"categories":[6],"tags":[],"class_list":["post-735","post","type-post","status-publish","format-standard","has-post-thumbnail","hentry","category-ultimas-noticias"],"yoast_head":"<!-- This site is optimized with the Yoast SEO plugin v27.4 - https:\/\/yoast.com\/product\/yoast-seo-wordpress\/ -->\n<title>Ampliaci\u00f3n vigencia Impuesto Patrimonio - P\u00e9rez de Vargas<\/title>\n<meta name=\"description\" content=\"El pasado viernes 30 de octubre se public\u00f3 en el BOE la Ley 48\/2015, de 29 de octubre, de Presupuestos Generales del Estado para el a\u00f1o 2016 que se\" \/>\n<meta name=\"robots\" content=\"index, follow, max-snippet:-1, max-image-preview:large, max-video-preview:-1\" \/>\n<link rel=\"canonical\" href=\"https:\/\/perezdevargas.es\/es\/blog\/ampliacion-impuesto-patrimonio\/\" \/>\n<meta property=\"og:locale\" content=\"es_ES\" \/>\n<meta property=\"og:type\" content=\"article\" \/>\n<meta property=\"og:title\" content=\"Ampliaci\u00f3n vigencia Impuesto Patrimonio - P\u00e9rez de Vargas\" \/>\n<meta property=\"og:description\" content=\"El pasado viernes 30 de octubre se public\u00f3 en el BOE la Ley 48\/2015, de 29 de octubre, de Presupuestos Generales del Estado para el a\u00f1o 2016 que se\" \/>\n<meta property=\"og:url\" content=\"https:\/\/perezdevargas.es\/es\/blog\/ampliacion-impuesto-patrimonio\/\" \/>\n<meta property=\"og:site_name\" content=\"P\u00e9rez de Vargas\" \/>\n<meta property=\"article:publisher\" content=\"https:\/\/www.facebook.com\/perezdevargasabogados\/\" \/>\n<meta property=\"article:published_time\" content=\"2015-11-09T00:00:00+00:00\" \/>\n<meta property=\"article:modified_time\" content=\"2019-05-29T08:46:37+00:00\" \/>\n<meta property=\"og:image\" content=\"https:\/\/perezdevargas.es\/wp-content\/uploads\/2016\/10\/BOE.jpg\" \/>\n\t<meta property=\"og:image:width\" content=\"960\" \/>\n\t<meta property=\"og:image:height\" content=\"720\" \/>\n\t<meta property=\"og:image:type\" content=\"image\/jpeg\" \/>\n<meta name=\"author\" content=\"Ignacio Perez De Vargas L\u00f3pez\" \/>\n<meta name=\"twitter:card\" content=\"summary_large_image\" \/>\n<meta name=\"twitter:label1\" content=\"Escrito por\" \/>\n\t<meta name=\"twitter:data1\" content=\"Ignacio Perez De Vargas L\u00f3pez\" \/>\n<script type=\"application\/ld+json\" class=\"yoast-schema-graph\">{\"@context\":\"https:\\\/\\\/schema.org\",\"@graph\":[{\"@type\":\"Article\",\"@id\":\"https:\\\/\\\/perezdevargas.es\\\/es\\\/blog\\\/ampliacion-impuesto-patrimonio\\\/#article\",\"isPartOf\":{\"@id\":\"https:\\\/\\\/perezdevargas.es\\\/es\\\/blog\\\/ampliacion-impuesto-patrimonio\\\/\"},\"author\":{\"name\":\"Ignacio Perez De Vargas L\u00f3pez\",\"@id\":\"https:\\\/\\\/perezdevargas.es\\\/es\\\/#\\\/schema\\\/person\\\/611211dbdb6053735477d8cfeb31aecb\"},\"headline\":\"Ampliaci\u00f3n vigencia del Impuesto sobre el Patrimonio un a\u00f1o m\u00e1s\",\"datePublished\":\"2015-11-09T00:00:00+00:00\",\"dateModified\":\"2019-05-29T08:46:37+00:00\",\"mainEntityOfPage\":{\"@id\":\"https:\\\/\\\/perezdevargas.es\\\/es\\\/blog\\\/ampliacion-impuesto-patrimonio\\\/\"},\"wordCount\":81,\"commentCount\":0,\"publisher\":{\"@id\":\"https:\\\/\\\/perezdevargas.es\\\/es\\\/#organization\"},\"image\":{\"@id\":\"https:\\\/\\\/perezdevargas.es\\\/es\\\/blog\\\/ampliacion-impuesto-patrimonio\\\/#primaryimage\"},\"thumbnailUrl\":\"https:\\\/\\\/perezdevargas.es\\\/wp-content\\\/uploads\\\/2016\\\/10\\\/BOE.jpg\",\"articleSection\":[\"\u00daltimas noticias\"],\"inLanguage\":\"es\",\"potentialAction\":[{\"@type\":\"CommentAction\",\"name\":\"Comment\",\"target\":[\"https:\\\/\\\/perezdevargas.es\\\/es\\\/blog\\\/ampliacion-impuesto-patrimonio\\\/#respond\"]}]},{\"@type\":\"WebPage\",\"@id\":\"https:\\\/\\\/perezdevargas.es\\\/es\\\/blog\\\/ampliacion-impuesto-patrimonio\\\/\",\"url\":\"https:\\\/\\\/perezdevargas.es\\\/es\\\/blog\\\/ampliacion-impuesto-patrimonio\\\/\",\"name\":\"Ampliaci\u00f3n vigencia Impuesto Patrimonio - P\u00e9rez de Vargas\",\"isPartOf\":{\"@id\":\"https:\\\/\\\/perezdevargas.es\\\/es\\\/#website\"},\"primaryImageOfPage\":{\"@id\":\"https:\\\/\\\/perezdevargas.es\\\/es\\\/blog\\\/ampliacion-impuesto-patrimonio\\\/#primaryimage\"},\"image\":{\"@id\":\"https:\\\/\\\/perezdevargas.es\\\/es\\\/blog\\\/ampliacion-impuesto-patrimonio\\\/#primaryimage\"},\"thumbnailUrl\":\"https:\\\/\\\/perezdevargas.es\\\/wp-content\\\/uploads\\\/2016\\\/10\\\/BOE.jpg\",\"datePublished\":\"2015-11-09T00:00:00+00:00\",\"dateModified\":\"2019-05-29T08:46:37+00:00\",\"description\":\"El pasado viernes 30 de octubre se public\u00f3 en el BOE la Ley 48\\\/2015, de 29 de octubre, de Presupuestos Generales del Estado para el a\u00f1o 2016 que se\",\"breadcrumb\":{\"@id\":\"https:\\\/\\\/perezdevargas.es\\\/es\\\/blog\\\/ampliacion-impuesto-patrimonio\\\/#breadcrumb\"},\"inLanguage\":\"es\",\"potentialAction\":[{\"@type\":\"ReadAction\",\"target\":[\"https:\\\/\\\/perezdevargas.es\\\/es\\\/blog\\\/ampliacion-impuesto-patrimonio\\\/\"]}]},{\"@type\":\"ImageObject\",\"inLanguage\":\"es\",\"@id\":\"https:\\\/\\\/perezdevargas.es\\\/es\\\/blog\\\/ampliacion-impuesto-patrimonio\\\/#primaryimage\",\"url\":\"https:\\\/\\\/perezdevargas.es\\\/wp-content\\\/uploads\\\/2016\\\/10\\\/BOE.jpg\",\"contentUrl\":\"https:\\\/\\\/perezdevargas.es\\\/wp-content\\\/uploads\\\/2016\\\/10\\\/BOE.jpg\",\"width\":960,\"height\":720},{\"@type\":\"BreadcrumbList\",\"@id\":\"https:\\\/\\\/perezdevargas.es\\\/es\\\/blog\\\/ampliacion-impuesto-patrimonio\\\/#breadcrumb\",\"itemListElement\":[{\"@type\":\"ListItem\",\"position\":1,\"name\":\"Portada\",\"item\":\"https:\\\/\\\/perezdevargas.es\\\/es\\\/\"},{\"@type\":\"ListItem\",\"position\":2,\"name\":\"Ampliaci\u00f3n vigencia del Impuesto sobre el Patrimonio un a\u00f1o m\u00e1s\"}]},{\"@type\":\"WebSite\",\"@id\":\"https:\\\/\\\/perezdevargas.es\\\/es\\\/#website\",\"url\":\"https:\\\/\\\/perezdevargas.es\\\/es\\\/\",\"name\":\"P\u00e9rez de Vargas\",\"description\":\"\",\"publisher\":{\"@id\":\"https:\\\/\\\/perezdevargas.es\\\/es\\\/#organization\"},\"potentialAction\":[{\"@type\":\"SearchAction\",\"target\":{\"@type\":\"EntryPoint\",\"urlTemplate\":\"https:\\\/\\\/perezdevargas.es\\\/es\\\/?s={search_term_string}\"},\"query-input\":{\"@type\":\"PropertyValueSpecification\",\"valueRequired\":true,\"valueName\":\"search_term_string\"}}],\"inLanguage\":\"es\"},{\"@type\":\"Organization\",\"@id\":\"https:\\\/\\\/perezdevargas.es\\\/es\\\/#organization\",\"name\":\"P\u00e9rez de Vargas\",\"url\":\"https:\\\/\\\/perezdevargas.es\\\/es\\\/\",\"logo\":{\"@type\":\"ImageObject\",\"inLanguage\":\"es\",\"@id\":\"https:\\\/\\\/perezdevargas.es\\\/es\\\/#\\\/schema\\\/logo\\\/image\\\/\",\"url\":\"https:\\\/\\\/perezdevargas.es\\\/wp-content\\\/uploads\\\/2025\\\/04\\\/Diseno-sin-titulo-91-1.jpg\",\"contentUrl\":\"https:\\\/\\\/perezdevargas.es\\\/wp-content\\\/uploads\\\/2025\\\/04\\\/Diseno-sin-titulo-91-1.jpg\",\"width\":500,\"height\":500,\"caption\":\"P\u00e9rez de Vargas\"},\"image\":{\"@id\":\"https:\\\/\\\/perezdevargas.es\\\/es\\\/#\\\/schema\\\/logo\\\/image\\\/\"},\"sameAs\":[\"https:\\\/\\\/www.facebook.com\\\/perezdevargasabogados\\\/\",\"https:\\\/\\\/www.instagram.com\\\/perezdevargasabogados\\\/\"]},{\"@type\":\"Person\",\"@id\":\"https:\\\/\\\/perezdevargas.es\\\/es\\\/#\\\/schema\\\/person\\\/611211dbdb6053735477d8cfeb31aecb\",\"name\":\"Ignacio Perez De Vargas L\u00f3pez\",\"image\":{\"@type\":\"ImageObject\",\"inLanguage\":\"es\",\"@id\":\"https:\\\/\\\/secure.gravatar.com\\\/avatar\\\/c3ebf1e9e35622537b1d774444fae42143f87ef9d1f06ea53c631f3a29b19019?s=96&d=mm&r=g\",\"url\":\"https:\\\/\\\/secure.gravatar.com\\\/avatar\\\/c3ebf1e9e35622537b1d774444fae42143f87ef9d1f06ea53c631f3a29b19019?s=96&d=mm&r=g\",\"contentUrl\":\"https:\\\/\\\/secure.gravatar.com\\\/avatar\\\/c3ebf1e9e35622537b1d774444fae42143f87ef9d1f06ea53c631f3a29b19019?s=96&d=mm&r=g\",\"caption\":\"Ignacio Perez De Vargas L\u00f3pez\"}}]}<\/script>\n<!-- \/ Yoast SEO plugin. -->","yoast_head_json":{"title":"Ampliaci\u00f3n vigencia Impuesto Patrimonio - P\u00e9rez de Vargas","description":"El pasado viernes 30 de octubre se public\u00f3 en el BOE la Ley 48\/2015, de 29 de octubre, de Presupuestos Generales del Estado para el a\u00f1o 2016 que se","robots":{"index":"index","follow":"follow","max-snippet":"max-snippet:-1","max-image-preview":"max-image-preview:large","max-video-preview":"max-video-preview:-1"},"canonical":"https:\/\/perezdevargas.es\/es\/blog\/ampliacion-impuesto-patrimonio\/","og_locale":"es_ES","og_type":"article","og_title":"Ampliaci\u00f3n vigencia Impuesto Patrimonio - P\u00e9rez de Vargas","og_description":"El pasado viernes 30 de octubre se public\u00f3 en el BOE la Ley 48\/2015, de 29 de octubre, de Presupuestos Generales del Estado para el a\u00f1o 2016 que se","og_url":"https:\/\/perezdevargas.es\/es\/blog\/ampliacion-impuesto-patrimonio\/","og_site_name":"P\u00e9rez de Vargas","article_publisher":"https:\/\/www.facebook.com\/perezdevargasabogados\/","article_published_time":"2015-11-09T00:00:00+00:00","article_modified_time":"2019-05-29T08:46:37+00:00","og_image":[{"width":960,"height":720,"url":"https:\/\/perezdevargas.es\/wp-content\/uploads\/2016\/10\/BOE.jpg","type":"image\/jpeg"}],"author":"Ignacio Perez De Vargas L\u00f3pez","twitter_card":"summary_large_image","twitter_misc":{"Escrito por":"Ignacio Perez De Vargas L\u00f3pez"},"schema":{"@context":"https:\/\/schema.org","@graph":[{"@type":"Article","@id":"https:\/\/perezdevargas.es\/es\/blog\/ampliacion-impuesto-patrimonio\/#article","isPartOf":{"@id":"https:\/\/perezdevargas.es\/es\/blog\/ampliacion-impuesto-patrimonio\/"},"author":{"name":"Ignacio Perez De Vargas L\u00f3pez","@id":"https:\/\/perezdevargas.es\/es\/#\/schema\/person\/611211dbdb6053735477d8cfeb31aecb"},"headline":"Ampliaci\u00f3n vigencia del Impuesto sobre el Patrimonio un a\u00f1o m\u00e1s","datePublished":"2015-11-09T00:00:00+00:00","dateModified":"2019-05-29T08:46:37+00:00","mainEntityOfPage":{"@id":"https:\/\/perezdevargas.es\/es\/blog\/ampliacion-impuesto-patrimonio\/"},"wordCount":81,"commentCount":0,"publisher":{"@id":"https:\/\/perezdevargas.es\/es\/#organization"},"image":{"@id":"https:\/\/perezdevargas.es\/es\/blog\/ampliacion-impuesto-patrimonio\/#primaryimage"},"thumbnailUrl":"https:\/\/perezdevargas.es\/wp-content\/uploads\/2016\/10\/BOE.jpg","articleSection":["\u00daltimas noticias"],"inLanguage":"es","potentialAction":[{"@type":"CommentAction","name":"Comment","target":["https:\/\/perezdevargas.es\/es\/blog\/ampliacion-impuesto-patrimonio\/#respond"]}]},{"@type":"WebPage","@id":"https:\/\/perezdevargas.es\/es\/blog\/ampliacion-impuesto-patrimonio\/","url":"https:\/\/perezdevargas.es\/es\/blog\/ampliacion-impuesto-patrimonio\/","name":"Ampliaci\u00f3n vigencia Impuesto Patrimonio - P\u00e9rez de Vargas","isPartOf":{"@id":"https:\/\/perezdevargas.es\/es\/#website"},"primaryImageOfPage":{"@id":"https:\/\/perezdevargas.es\/es\/blog\/ampliacion-impuesto-patrimonio\/#primaryimage"},"image":{"@id":"https:\/\/perezdevargas.es\/es\/blog\/ampliacion-impuesto-patrimonio\/#primaryimage"},"thumbnailUrl":"https:\/\/perezdevargas.es\/wp-content\/uploads\/2016\/10\/BOE.jpg","datePublished":"2015-11-09T00:00:00+00:00","dateModified":"2019-05-29T08:46:37+00:00","description":"El pasado viernes 30 de octubre se public\u00f3 en el BOE la Ley 48\/2015, de 29 de octubre, de Presupuestos Generales del Estado para el a\u00f1o 2016 que se","breadcrumb":{"@id":"https:\/\/perezdevargas.es\/es\/blog\/ampliacion-impuesto-patrimonio\/#breadcrumb"},"inLanguage":"es","potentialAction":[{"@type":"ReadAction","target":["https:\/\/perezdevargas.es\/es\/blog\/ampliacion-impuesto-patrimonio\/"]}]},{"@type":"ImageObject","inLanguage":"es","@id":"https:\/\/perezdevargas.es\/es\/blog\/ampliacion-impuesto-patrimonio\/#primaryimage","url":"https:\/\/perezdevargas.es\/wp-content\/uploads\/2016\/10\/BOE.jpg","contentUrl":"https:\/\/perezdevargas.es\/wp-content\/uploads\/2016\/10\/BOE.jpg","width":960,"height":720},{"@type":"BreadcrumbList","@id":"https:\/\/perezdevargas.es\/es\/blog\/ampliacion-impuesto-patrimonio\/#breadcrumb","itemListElement":[{"@type":"ListItem","position":1,"name":"Portada","item":"https:\/\/perezdevargas.es\/es\/"},{"@type":"ListItem","position":2,"name":"Ampliaci\u00f3n vigencia del Impuesto sobre el Patrimonio un a\u00f1o m\u00e1s"}]},{"@type":"WebSite","@id":"https:\/\/perezdevargas.es\/es\/#website","url":"https:\/\/perezdevargas.es\/es\/","name":"P\u00e9rez de Vargas","description":"","publisher":{"@id":"https:\/\/perezdevargas.es\/es\/#organization"},"potentialAction":[{"@type":"SearchAction","target":{"@type":"EntryPoint","urlTemplate":"https:\/\/perezdevargas.es\/es\/?s={search_term_string}"},"query-input":{"@type":"PropertyValueSpecification","valueRequired":true,"valueName":"search_term_string"}}],"inLanguage":"es"},{"@type":"Organization","@id":"https:\/\/perezdevargas.es\/es\/#organization","name":"P\u00e9rez de Vargas","url":"https:\/\/perezdevargas.es\/es\/","logo":{"@type":"ImageObject","inLanguage":"es","@id":"https:\/\/perezdevargas.es\/es\/#\/schema\/logo\/image\/","url":"https:\/\/perezdevargas.es\/wp-content\/uploads\/2025\/04\/Diseno-sin-titulo-91-1.jpg","contentUrl":"https:\/\/perezdevargas.es\/wp-content\/uploads\/2025\/04\/Diseno-sin-titulo-91-1.jpg","width":500,"height":500,"caption":"P\u00e9rez de Vargas"},"image":{"@id":"https:\/\/perezdevargas.es\/es\/#\/schema\/logo\/image\/"},"sameAs":["https:\/\/www.facebook.com\/perezdevargasabogados\/","https:\/\/www.instagram.com\/perezdevargasabogados\/"]},{"@type":"Person","@id":"https:\/\/perezdevargas.es\/es\/#\/schema\/person\/611211dbdb6053735477d8cfeb31aecb","name":"Ignacio Perez De Vargas L\u00f3pez","image":{"@type":"ImageObject","inLanguage":"es","@id":"https:\/\/secure.gravatar.com\/avatar\/c3ebf1e9e35622537b1d774444fae42143f87ef9d1f06ea53c631f3a29b19019?s=96&d=mm&r=g","url":"https:\/\/secure.gravatar.com\/avatar\/c3ebf1e9e35622537b1d774444fae42143f87ef9d1f06ea53c631f3a29b19019?s=96&d=mm&r=g","contentUrl":"https:\/\/secure.gravatar.com\/avatar\/c3ebf1e9e35622537b1d774444fae42143f87ef9d1f06ea53c631f3a29b19019?s=96&d=mm&r=g","caption":"Ignacio Perez De Vargas L\u00f3pez"}}]}},"_links":{"self":[{"href":"https:\/\/perezdevargas.es\/es\/wp-json\/wp\/v2\/posts\/735","targetHints":{"allow":["GET"]}}],"collection":[{"href":"https:\/\/perezdevargas.es\/es\/wp-json\/wp\/v2\/posts"}],"about":[{"href":"https:\/\/perezdevargas.es\/es\/wp-json\/wp\/v2\/types\/post"}],"author":[{"embeddable":true,"href":"https:\/\/perezdevargas.es\/es\/wp-json\/wp\/v2\/users\/16"}],"replies":[{"embeddable":true,"href":"https:\/\/perezdevargas.es\/es\/wp-json\/wp\/v2\/comments?post=735"}],"version-history":[{"count":3,"href":"https:\/\/perezdevargas.es\/es\/wp-json\/wp\/v2\/posts\/735\/revisions"}],"predecessor-version":[{"id":2317,"href":"https:\/\/perezdevargas.es\/es\/wp-json\/wp\/v2\/posts\/735\/revisions\/2317"}],"wp:featuredmedia":[{"embeddable":true,"href":"https:\/\/perezdevargas.es\/es\/wp-json\/wp\/v2\/media\/1176"}],"wp:attachment":[{"href":"https:\/\/perezdevargas.es\/es\/wp-json\/wp\/v2\/media?parent=735"}],"wp:term":[{"taxonomy":"category","embeddable":true,"href":"https:\/\/perezdevargas.es\/es\/wp-json\/wp\/v2\/categories?post=735"},{"taxonomy":"post_tag","embeddable":true,"href":"https:\/\/perezdevargas.es\/es\/wp-json\/wp\/v2\/tags?post=735"}],"curies":[{"name":"wp","href":"https:\/\/api.w.org\/{rel}","templated":true}]}}