{"id":782,"date":"2018-03-15T00:00:00","date_gmt":"2018-03-15T00:00:00","guid":{"rendered":"http:\/\/public.kiboserver.com\/perezdevargas\/video-resumen-intervencion-de-d-ignacio-perez-de-vargas-en-la-jornada-sobre-urbanismo-y-turismo-en-la-costa-del-sol\/"},"modified":"2019-10-29T17:30:52","modified_gmt":"2019-10-29T17:30:52","slug":"intervencion-ignacio-perez-vargas-urbanismo-turismo-costa-sol","status":"publish","type":"post","link":"https:\/\/perezdevargas.es\/es\/blog\/intervencion-ignacio-perez-vargas-urbanismo-turismo-costa-sol\/","title":{"rendered":"Video resumen intervenci\u00f3n de D. Ignacio P\u00e9rez de Vargas, en la Jornada sobre Urbanismo y Turismo en la Costa del Sol."},"content":{"rendered":"<p>Resumen intervenci\u00f3n de D.Ignacio P\u00e9rez de Vargas L\u00f3pez, director de P\u00e9rez de Vargas Abogados, en la Jornada sobre Urbanismo y Turismo en la Costa del Sol, donde se analiz\u00f3 la futura\u00a0 Ley de urbanismo en Andaluc\u00eda (LUSA) y el futuro Plan de Ordenaci\u00f3n del Territorio de la Costa del Sol (POTCSO), en especial, en cuanto a su incidencia en la planificaci\u00f3n y desarrollo del turismo residencial en la Costa del Sol.<\/p>\n<p>Nota.- El v\u00eddeo completo de la Jornada lo podr\u00e1n encontrar en nuestro canal de YouTube. <a href=\"https:\/\/www.youtube.com\/channel\/UCZq7drhPu3G7NW8OpmzvXbw\">(acceder al canal)<\/a><\/p>\n<p>[vc_video link=\u00bbhttps:\/\/youtu.be\/5uaUcYXPD9Q\u00bb title=\u00bbVideo resumen Jornada.\u00bb]<\/p>\n","protected":false},"excerpt":{"rendered":"<p>Resumen intervenci\u00f3n de D.Ignacio P\u00e9rez de Vargas L\u00f3pez, director de P\u00e9rez de Vargas Abogados, en la Jornada sobre Urbanismo y [&hellip;]<\/p>\n","protected":false},"author":16,"featured_media":1115,"comment_status":"open","ping_status":"open","sticky":false,"template":"","format":"standard","meta":{"site-sidebar-layout":"default","site-content-layout":"","ast-site-content-layout":"default","site-content-style":"default","site-sidebar-style":"default","ast-global-header-display":"","ast-banner-title-visibility":"","ast-main-header-display":"","ast-hfb-above-header-display":"","ast-hfb-below-header-display":"","ast-hfb-mobile-header-display":"","site-post-title":"","ast-breadcrumbs-content":"","ast-featured-img":"","footer-sml-layout":"","ast-disable-related-posts":"","theme-transparent-header-meta":"","adv-header-id-meta":"","stick-header-meta":"","header-above-stick-meta":"","header-main-stick-meta":"","header-below-stick-meta":"","astra-migrate-meta-layouts":"default","ast-page-background-enabled":"default","ast-page-background-meta":{"desktop":{"background-color":"var(--ast-global-color-4)","background-image":"","background-repeat":"repeat","background-position":"center center","background-size":"auto","background-attachment":"scroll","background-type":"","background-media":"","overlay-type":"","overlay-color":"","overlay-opacity":"","overlay-gradient":""},"tablet":{"background-color":"","background-image":"","background-repeat":"repeat","background-position":"center center","background-size":"auto","background-attachment":"scroll","background-type":"","background-media":"","overlay-type":"","overlay-color":"","overlay-opacity":"","overlay-gradient":""},"mobile":{"background-color":"","background-image":"","background-repeat":"repeat","background-position":"center center","background-size":"auto","background-attachment":"scroll","background-type":"","background-media":"","overlay-type":"","overlay-color":"","overlay-opacity":"","overlay-gradient":""}},"ast-content-background-meta":{"desktop":{"background-color":"var(--ast-global-color-5)","background-image":"","background-repeat":"repeat","background-position":"center center","background-size":"auto","background-attachment":"scroll","background-type":"","background-media":"","overlay-type":"","overlay-color":"","overlay-opacity":"","overlay-gradient":""},"tablet":{"background-color":"var(--ast-global-color-5)","background-image":"","background-repeat":"repeat","background-position":"center center","background-size":"auto","background-attachment":"scroll","background-type":"","background-media":"","overlay-type":"","overlay-color":"","overlay-opacity":"","overlay-gradient":""},"mobile":{"background-color":"var(--ast-global-color-5)","background-image":"","background-repeat":"repeat","background-position":"center center","background-size":"auto","background-attachment":"scroll","background-type":"","background-media":"","overlay-type":"","overlay-color":"","overlay-opacity":"","overlay-gradient":""}},"footnotes":""},"categories":[1,4],"tags":[],"class_list":["post-782","post","type-post","status-publish","format-standard","has-post-thumbnail","hentry","category-eventos","category-videoblog"],"yoast_head":"<!-- This site is optimized with the Yoast SEO plugin v27.4 - https:\/\/yoast.com\/product\/yoast-seo-wordpress\/ -->\n<title>Resumen P\u00e9rez de Vargas Jornada Urbanismo Turismo Costa del Sol<\/title>\n<meta name=\"description\" content=\"Resumen intervenci\u00f3n de D.Ignacio P\u00e9rez de Vargas L\u00f3pez, director de P\u00e9rez de Vargas Abogados, en la Jornada sobre Urbanismo y Turismo en la Costa del\" \/>\n<meta name=\"robots\" content=\"index, follow, max-snippet:-1, max-image-preview:large, max-video-preview:-1\" \/>\n<link rel=\"canonical\" href=\"https:\/\/perezdevargas.es\/es\/blog\/intervencion-ignacio-perez-vargas-urbanismo-turismo-costa-sol\/\" \/>\n<meta property=\"og:locale\" content=\"es_ES\" \/>\n<meta property=\"og:type\" content=\"article\" \/>\n<meta property=\"og:title\" content=\"Resumen P\u00e9rez de Vargas Jornada Urbanismo Turismo Costa del Sol\" \/>\n<meta property=\"og:description\" content=\"Resumen intervenci\u00f3n de D.Ignacio P\u00e9rez de Vargas L\u00f3pez, director de P\u00e9rez de Vargas Abogados, en la Jornada sobre Urbanismo y Turismo en la Costa del\" \/>\n<meta property=\"og:url\" content=\"https:\/\/perezdevargas.es\/es\/blog\/intervencion-ignacio-perez-vargas-urbanismo-turismo-costa-sol\/\" \/>\n<meta property=\"og:site_name\" content=\"P\u00e9rez de Vargas\" \/>\n<meta property=\"article:publisher\" content=\"https:\/\/www.facebook.com\/perezdevargasabogados\/\" \/>\n<meta property=\"article:published_time\" content=\"2018-03-15T00:00:00+00:00\" \/>\n<meta property=\"article:modified_time\" content=\"2019-10-29T17:30:52+00:00\" \/>\n<meta property=\"og:image\" content=\"https:\/\/perezdevargas.es\/wp-content\/uploads\/2018\/03\/SH1A9046-2-1024x683.jpg\" \/>\n\t<meta property=\"og:image:width\" content=\"1024\" \/>\n\t<meta property=\"og:image:height\" content=\"683\" \/>\n\t<meta property=\"og:image:type\" content=\"image\/jpeg\" \/>\n<meta name=\"author\" content=\"Ignacio Perez De Vargas L\u00f3pez\" \/>\n<meta name=\"twitter:card\" content=\"summary_large_image\" \/>\n<meta name=\"twitter:label1\" content=\"Escrito por\" \/>\n\t<meta name=\"twitter:data1\" content=\"Ignacio Perez De Vargas L\u00f3pez\" \/>\n\t<meta name=\"twitter:label2\" content=\"Tiempo de lectura\" \/>\n\t<meta name=\"twitter:data2\" content=\"1 minuto\" \/>\n<script type=\"application\/ld+json\" class=\"yoast-schema-graph\">{\"@context\":\"https:\\\/\\\/schema.org\",\"@graph\":[{\"@type\":\"Article\",\"@id\":\"https:\\\/\\\/perezdevargas.es\\\/es\\\/blog\\\/intervencion-ignacio-perez-vargas-urbanismo-turismo-costa-sol\\\/#article\",\"isPartOf\":{\"@id\":\"https:\\\/\\\/perezdevargas.es\\\/es\\\/blog\\\/intervencion-ignacio-perez-vargas-urbanismo-turismo-costa-sol\\\/\"},\"author\":{\"name\":\"Ignacio Perez De Vargas L\u00f3pez\",\"@id\":\"https:\\\/\\\/perezdevargas.es\\\/es\\\/#\\\/schema\\\/person\\\/611211dbdb6053735477d8cfeb31aecb\"},\"headline\":\"Video resumen intervenci\u00f3n de D. Ignacio P\u00e9rez de Vargas, en la Jornada sobre Urbanismo y Turismo en la Costa del Sol.\",\"datePublished\":\"2018-03-15T00:00:00+00:00\",\"dateModified\":\"2019-10-29T17:30:52+00:00\",\"mainEntityOfPage\":{\"@id\":\"https:\\\/\\\/perezdevargas.es\\\/es\\\/blog\\\/intervencion-ignacio-perez-vargas-urbanismo-turismo-costa-sol\\\/\"},\"wordCount\":135,\"commentCount\":0,\"publisher\":{\"@id\":\"https:\\\/\\\/perezdevargas.es\\\/es\\\/#organization\"},\"image\":{\"@id\":\"https:\\\/\\\/perezdevargas.es\\\/es\\\/blog\\\/intervencion-ignacio-perez-vargas-urbanismo-turismo-costa-sol\\\/#primaryimage\"},\"thumbnailUrl\":\"https:\\\/\\\/perezdevargas.es\\\/wp-content\\\/uploads\\\/2018\\\/03\\\/SH1A9046-2.jpg\",\"articleSection\":[\"Eventos\",\"Videoblog\"],\"inLanguage\":\"es\",\"potentialAction\":[{\"@type\":\"CommentAction\",\"name\":\"Comment\",\"target\":[\"https:\\\/\\\/perezdevargas.es\\\/es\\\/blog\\\/intervencion-ignacio-perez-vargas-urbanismo-turismo-costa-sol\\\/#respond\"]}]},{\"@type\":\"WebPage\",\"@id\":\"https:\\\/\\\/perezdevargas.es\\\/es\\\/blog\\\/intervencion-ignacio-perez-vargas-urbanismo-turismo-costa-sol\\\/\",\"url\":\"https:\\\/\\\/perezdevargas.es\\\/es\\\/blog\\\/intervencion-ignacio-perez-vargas-urbanismo-turismo-costa-sol\\\/\",\"name\":\"Resumen P\u00e9rez de Vargas Jornada Urbanismo Turismo Costa del Sol\",\"isPartOf\":{\"@id\":\"https:\\\/\\\/perezdevargas.es\\\/es\\\/#website\"},\"primaryImageOfPage\":{\"@id\":\"https:\\\/\\\/perezdevargas.es\\\/es\\\/blog\\\/intervencion-ignacio-perez-vargas-urbanismo-turismo-costa-sol\\\/#primaryimage\"},\"image\":{\"@id\":\"https:\\\/\\\/perezdevargas.es\\\/es\\\/blog\\\/intervencion-ignacio-perez-vargas-urbanismo-turismo-costa-sol\\\/#primaryimage\"},\"thumbnailUrl\":\"https:\\\/\\\/perezdevargas.es\\\/wp-content\\\/uploads\\\/2018\\\/03\\\/SH1A9046-2.jpg\",\"datePublished\":\"2018-03-15T00:00:00+00:00\",\"dateModified\":\"2019-10-29T17:30:52+00:00\",\"description\":\"Resumen intervenci\u00f3n de D.Ignacio P\u00e9rez de Vargas L\u00f3pez, director de P\u00e9rez de Vargas Abogados, en la Jornada sobre Urbanismo y Turismo en la Costa del\",\"breadcrumb\":{\"@id\":\"https:\\\/\\\/perezdevargas.es\\\/es\\\/blog\\\/intervencion-ignacio-perez-vargas-urbanismo-turismo-costa-sol\\\/#breadcrumb\"},\"inLanguage\":\"es\",\"potentialAction\":[{\"@type\":\"ReadAction\",\"target\":[\"https:\\\/\\\/perezdevargas.es\\\/es\\\/blog\\\/intervencion-ignacio-perez-vargas-urbanismo-turismo-costa-sol\\\/\"]}]},{\"@type\":\"ImageObject\",\"inLanguage\":\"es\",\"@id\":\"https:\\\/\\\/perezdevargas.es\\\/es\\\/blog\\\/intervencion-ignacio-perez-vargas-urbanismo-turismo-costa-sol\\\/#primaryimage\",\"url\":\"https:\\\/\\\/perezdevargas.es\\\/wp-content\\\/uploads\\\/2018\\\/03\\\/SH1A9046-2.jpg\",\"contentUrl\":\"https:\\\/\\\/perezdevargas.es\\\/wp-content\\\/uploads\\\/2018\\\/03\\\/SH1A9046-2.jpg\",\"width\":5418,\"height\":3612},{\"@type\":\"BreadcrumbList\",\"@id\":\"https:\\\/\\\/perezdevargas.es\\\/es\\\/blog\\\/intervencion-ignacio-perez-vargas-urbanismo-turismo-costa-sol\\\/#breadcrumb\",\"itemListElement\":[{\"@type\":\"ListItem\",\"position\":1,\"name\":\"Portada\",\"item\":\"https:\\\/\\\/perezdevargas.es\\\/es\\\/\"},{\"@type\":\"ListItem\",\"position\":2,\"name\":\"Video resumen intervenci\u00f3n de D. Ignacio P\u00e9rez de Vargas, en la Jornada sobre Urbanismo y Turismo en la Costa del Sol.\"}]},{\"@type\":\"WebSite\",\"@id\":\"https:\\\/\\\/perezdevargas.es\\\/es\\\/#website\",\"url\":\"https:\\\/\\\/perezdevargas.es\\\/es\\\/\",\"name\":\"P\u00e9rez de Vargas\",\"description\":\"\",\"publisher\":{\"@id\":\"https:\\\/\\\/perezdevargas.es\\\/es\\\/#organization\"},\"potentialAction\":[{\"@type\":\"SearchAction\",\"target\":{\"@type\":\"EntryPoint\",\"urlTemplate\":\"https:\\\/\\\/perezdevargas.es\\\/es\\\/?s={search_term_string}\"},\"query-input\":{\"@type\":\"PropertyValueSpecification\",\"valueRequired\":true,\"valueName\":\"search_term_string\"}}],\"inLanguage\":\"es\"},{\"@type\":\"Organization\",\"@id\":\"https:\\\/\\\/perezdevargas.es\\\/es\\\/#organization\",\"name\":\"P\u00e9rez de Vargas\",\"url\":\"https:\\\/\\\/perezdevargas.es\\\/es\\\/\",\"logo\":{\"@type\":\"ImageObject\",\"inLanguage\":\"es\",\"@id\":\"https:\\\/\\\/perezdevargas.es\\\/es\\\/#\\\/schema\\\/logo\\\/image\\\/\",\"url\":\"https:\\\/\\\/perezdevargas.es\\\/wp-content\\\/uploads\\\/2025\\\/04\\\/Diseno-sin-titulo-91-1.jpg\",\"contentUrl\":\"https:\\\/\\\/perezdevargas.es\\\/wp-content\\\/uploads\\\/2025\\\/04\\\/Diseno-sin-titulo-91-1.jpg\",\"width\":500,\"height\":500,\"caption\":\"P\u00e9rez de Vargas\"},\"image\":{\"@id\":\"https:\\\/\\\/perezdevargas.es\\\/es\\\/#\\\/schema\\\/logo\\\/image\\\/\"},\"sameAs\":[\"https:\\\/\\\/www.facebook.com\\\/perezdevargasabogados\\\/\",\"https:\\\/\\\/www.instagram.com\\\/perezdevargasabogados\\\/\"]},{\"@type\":\"Person\",\"@id\":\"https:\\\/\\\/perezdevargas.es\\\/es\\\/#\\\/schema\\\/person\\\/611211dbdb6053735477d8cfeb31aecb\",\"name\":\"Ignacio Perez De Vargas L\u00f3pez\",\"image\":{\"@type\":\"ImageObject\",\"inLanguage\":\"es\",\"@id\":\"https:\\\/\\\/secure.gravatar.com\\\/avatar\\\/c3ebf1e9e35622537b1d774444fae42143f87ef9d1f06ea53c631f3a29b19019?s=96&d=mm&r=g\",\"url\":\"https:\\\/\\\/secure.gravatar.com\\\/avatar\\\/c3ebf1e9e35622537b1d774444fae42143f87ef9d1f06ea53c631f3a29b19019?s=96&d=mm&r=g\",\"contentUrl\":\"https:\\\/\\\/secure.gravatar.com\\\/avatar\\\/c3ebf1e9e35622537b1d774444fae42143f87ef9d1f06ea53c631f3a29b19019?s=96&d=mm&r=g\",\"caption\":\"Ignacio Perez De Vargas L\u00f3pez\"}}]}<\/script>\n<!-- \/ Yoast SEO plugin. -->","yoast_head_json":{"title":"Resumen P\u00e9rez de Vargas Jornada Urbanismo Turismo Costa del Sol","description":"Resumen intervenci\u00f3n de D.Ignacio P\u00e9rez de Vargas L\u00f3pez, director de P\u00e9rez de Vargas Abogados, en la Jornada sobre Urbanismo y Turismo en la Costa del","robots":{"index":"index","follow":"follow","max-snippet":"max-snippet:-1","max-image-preview":"max-image-preview:large","max-video-preview":"max-video-preview:-1"},"canonical":"https:\/\/perezdevargas.es\/es\/blog\/intervencion-ignacio-perez-vargas-urbanismo-turismo-costa-sol\/","og_locale":"es_ES","og_type":"article","og_title":"Resumen P\u00e9rez de Vargas Jornada Urbanismo Turismo Costa del Sol","og_description":"Resumen intervenci\u00f3n de D.Ignacio P\u00e9rez de Vargas L\u00f3pez, director de P\u00e9rez de Vargas Abogados, en la Jornada sobre Urbanismo y Turismo en la Costa del","og_url":"https:\/\/perezdevargas.es\/es\/blog\/intervencion-ignacio-perez-vargas-urbanismo-turismo-costa-sol\/","og_site_name":"P\u00e9rez de Vargas","article_publisher":"https:\/\/www.facebook.com\/perezdevargasabogados\/","article_published_time":"2018-03-15T00:00:00+00:00","article_modified_time":"2019-10-29T17:30:52+00:00","og_image":[{"width":1024,"height":683,"url":"https:\/\/perezdevargas.es\/wp-content\/uploads\/2018\/03\/SH1A9046-2-1024x683.jpg","type":"image\/jpeg"}],"author":"Ignacio Perez De Vargas L\u00f3pez","twitter_card":"summary_large_image","twitter_misc":{"Escrito por":"Ignacio Perez De Vargas L\u00f3pez","Tiempo de lectura":"1 minuto"},"schema":{"@context":"https:\/\/schema.org","@graph":[{"@type":"Article","@id":"https:\/\/perezdevargas.es\/es\/blog\/intervencion-ignacio-perez-vargas-urbanismo-turismo-costa-sol\/#article","isPartOf":{"@id":"https:\/\/perezdevargas.es\/es\/blog\/intervencion-ignacio-perez-vargas-urbanismo-turismo-costa-sol\/"},"author":{"name":"Ignacio Perez De Vargas L\u00f3pez","@id":"https:\/\/perezdevargas.es\/es\/#\/schema\/person\/611211dbdb6053735477d8cfeb31aecb"},"headline":"Video resumen intervenci\u00f3n de D. Ignacio P\u00e9rez de Vargas, en la Jornada sobre Urbanismo y Turismo en la Costa del Sol.","datePublished":"2018-03-15T00:00:00+00:00","dateModified":"2019-10-29T17:30:52+00:00","mainEntityOfPage":{"@id":"https:\/\/perezdevargas.es\/es\/blog\/intervencion-ignacio-perez-vargas-urbanismo-turismo-costa-sol\/"},"wordCount":135,"commentCount":0,"publisher":{"@id":"https:\/\/perezdevargas.es\/es\/#organization"},"image":{"@id":"https:\/\/perezdevargas.es\/es\/blog\/intervencion-ignacio-perez-vargas-urbanismo-turismo-costa-sol\/#primaryimage"},"thumbnailUrl":"https:\/\/perezdevargas.es\/wp-content\/uploads\/2018\/03\/SH1A9046-2.jpg","articleSection":["Eventos","Videoblog"],"inLanguage":"es","potentialAction":[{"@type":"CommentAction","name":"Comment","target":["https:\/\/perezdevargas.es\/es\/blog\/intervencion-ignacio-perez-vargas-urbanismo-turismo-costa-sol\/#respond"]}]},{"@type":"WebPage","@id":"https:\/\/perezdevargas.es\/es\/blog\/intervencion-ignacio-perez-vargas-urbanismo-turismo-costa-sol\/","url":"https:\/\/perezdevargas.es\/es\/blog\/intervencion-ignacio-perez-vargas-urbanismo-turismo-costa-sol\/","name":"Resumen P\u00e9rez de Vargas Jornada Urbanismo Turismo Costa del Sol","isPartOf":{"@id":"https:\/\/perezdevargas.es\/es\/#website"},"primaryImageOfPage":{"@id":"https:\/\/perezdevargas.es\/es\/blog\/intervencion-ignacio-perez-vargas-urbanismo-turismo-costa-sol\/#primaryimage"},"image":{"@id":"https:\/\/perezdevargas.es\/es\/blog\/intervencion-ignacio-perez-vargas-urbanismo-turismo-costa-sol\/#primaryimage"},"thumbnailUrl":"https:\/\/perezdevargas.es\/wp-content\/uploads\/2018\/03\/SH1A9046-2.jpg","datePublished":"2018-03-15T00:00:00+00:00","dateModified":"2019-10-29T17:30:52+00:00","description":"Resumen intervenci\u00f3n de D.Ignacio P\u00e9rez de Vargas L\u00f3pez, director de P\u00e9rez de Vargas Abogados, en la Jornada sobre Urbanismo y Turismo en la Costa del","breadcrumb":{"@id":"https:\/\/perezdevargas.es\/es\/blog\/intervencion-ignacio-perez-vargas-urbanismo-turismo-costa-sol\/#breadcrumb"},"inLanguage":"es","potentialAction":[{"@type":"ReadAction","target":["https:\/\/perezdevargas.es\/es\/blog\/intervencion-ignacio-perez-vargas-urbanismo-turismo-costa-sol\/"]}]},{"@type":"ImageObject","inLanguage":"es","@id":"https:\/\/perezdevargas.es\/es\/blog\/intervencion-ignacio-perez-vargas-urbanismo-turismo-costa-sol\/#primaryimage","url":"https:\/\/perezdevargas.es\/wp-content\/uploads\/2018\/03\/SH1A9046-2.jpg","contentUrl":"https:\/\/perezdevargas.es\/wp-content\/uploads\/2018\/03\/SH1A9046-2.jpg","width":5418,"height":3612},{"@type":"BreadcrumbList","@id":"https:\/\/perezdevargas.es\/es\/blog\/intervencion-ignacio-perez-vargas-urbanismo-turismo-costa-sol\/#breadcrumb","itemListElement":[{"@type":"ListItem","position":1,"name":"Portada","item":"https:\/\/perezdevargas.es\/es\/"},{"@type":"ListItem","position":2,"name":"Video resumen intervenci\u00f3n de D. Ignacio P\u00e9rez de Vargas, en la Jornada sobre Urbanismo y Turismo en la Costa del Sol."}]},{"@type":"WebSite","@id":"https:\/\/perezdevargas.es\/es\/#website","url":"https:\/\/perezdevargas.es\/es\/","name":"P\u00e9rez de Vargas","description":"","publisher":{"@id":"https:\/\/perezdevargas.es\/es\/#organization"},"potentialAction":[{"@type":"SearchAction","target":{"@type":"EntryPoint","urlTemplate":"https:\/\/perezdevargas.es\/es\/?s={search_term_string}"},"query-input":{"@type":"PropertyValueSpecification","valueRequired":true,"valueName":"search_term_string"}}],"inLanguage":"es"},{"@type":"Organization","@id":"https:\/\/perezdevargas.es\/es\/#organization","name":"P\u00e9rez de Vargas","url":"https:\/\/perezdevargas.es\/es\/","logo":{"@type":"ImageObject","inLanguage":"es","@id":"https:\/\/perezdevargas.es\/es\/#\/schema\/logo\/image\/","url":"https:\/\/perezdevargas.es\/wp-content\/uploads\/2025\/04\/Diseno-sin-titulo-91-1.jpg","contentUrl":"https:\/\/perezdevargas.es\/wp-content\/uploads\/2025\/04\/Diseno-sin-titulo-91-1.jpg","width":500,"height":500,"caption":"P\u00e9rez de Vargas"},"image":{"@id":"https:\/\/perezdevargas.es\/es\/#\/schema\/logo\/image\/"},"sameAs":["https:\/\/www.facebook.com\/perezdevargasabogados\/","https:\/\/www.instagram.com\/perezdevargasabogados\/"]},{"@type":"Person","@id":"https:\/\/perezdevargas.es\/es\/#\/schema\/person\/611211dbdb6053735477d8cfeb31aecb","name":"Ignacio Perez De Vargas L\u00f3pez","image":{"@type":"ImageObject","inLanguage":"es","@id":"https:\/\/secure.gravatar.com\/avatar\/c3ebf1e9e35622537b1d774444fae42143f87ef9d1f06ea53c631f3a29b19019?s=96&d=mm&r=g","url":"https:\/\/secure.gravatar.com\/avatar\/c3ebf1e9e35622537b1d774444fae42143f87ef9d1f06ea53c631f3a29b19019?s=96&d=mm&r=g","contentUrl":"https:\/\/secure.gravatar.com\/avatar\/c3ebf1e9e35622537b1d774444fae42143f87ef9d1f06ea53c631f3a29b19019?s=96&d=mm&r=g","caption":"Ignacio Perez De Vargas L\u00f3pez"}}]}},"_links":{"self":[{"href":"https:\/\/perezdevargas.es\/es\/wp-json\/wp\/v2\/posts\/782","targetHints":{"allow":["GET"]}}],"collection":[{"href":"https:\/\/perezdevargas.es\/es\/wp-json\/wp\/v2\/posts"}],"about":[{"href":"https:\/\/perezdevargas.es\/es\/wp-json\/wp\/v2\/types\/post"}],"author":[{"embeddable":true,"href":"https:\/\/perezdevargas.es\/es\/wp-json\/wp\/v2\/users\/16"}],"replies":[{"embeddable":true,"href":"https:\/\/perezdevargas.es\/es\/wp-json\/wp\/v2\/comments?post=782"}],"version-history":[{"count":3,"href":"https:\/\/perezdevargas.es\/es\/wp-json\/wp\/v2\/posts\/782\/revisions"}],"predecessor-version":[{"id":2699,"href":"https:\/\/perezdevargas.es\/es\/wp-json\/wp\/v2\/posts\/782\/revisions\/2699"}],"wp:featuredmedia":[{"embeddable":true,"href":"https:\/\/perezdevargas.es\/es\/wp-json\/wp\/v2\/media\/1115"}],"wp:attachment":[{"href":"https:\/\/perezdevargas.es\/es\/wp-json\/wp\/v2\/media?parent=782"}],"wp:term":[{"taxonomy":"category","embeddable":true,"href":"https:\/\/perezdevargas.es\/es\/wp-json\/wp\/v2\/categories?post=782"},{"taxonomy":"post_tag","embeddable":true,"href":"https:\/\/perezdevargas.es\/es\/wp-json\/wp\/v2\/tags?post=782"}],"curies":[{"name":"wp","href":"https:\/\/api.w.org\/{rel}","templated":true}]}}